{"id":141302,"date":"2026-04-29T04:23:45","date_gmt":"2026-04-29T04:23:45","guid":{"rendered":"https:\/\/elobservadorzonanorte.com.mx\/?p=141302"},"modified":"2026-04-29T04:23:46","modified_gmt":"2026-04-29T04:23:46","slug":"sunuapa-se-suma-a-la-semana-nacional-de-vacunacion-2026","status":"publish","type":"post","link":"https:\/\/elobservadorzonanorte.com.mx\/?p=141302","title":{"rendered":"Sunuapa se suma a la Semana Nacional de Vacunaci\u00f3n 2026"},"content":{"rendered":"\n<figure class=\"wp-block-image size-full\"><img decoding=\"async\" width=\"526\" height=\"526\" src=\"https:\/\/elobservadorzonanorte.com.mx\/wp-content\/uploads\/2026\/04\/imagen-15-185.jpg\" alt=\"\" class=\"wp-image-141341\" srcset=\"https:\/\/elobservadorzonanorte.com.mx\/wp-content\/uploads\/2026\/04\/imagen-15-185.jpg 526w, https:\/\/elobservadorzonanorte.com.mx\/wp-content\/uploads\/2026\/04\/imagen-15-185-300x300.jpg 300w, https:\/\/elobservadorzonanorte.com.mx\/wp-content\/uploads\/2026\/04\/imagen-15-185-150x150.jpg 150w\" sizes=\"(max-width: 526px) 100vw, 526px\" \/><\/figure>\n\n\n\n<p>El Gobierno Municipal Sunuapa 2024 &#8211; 2027 , en coordinaci\u00f3n con la Secretar\u00eda de Salud, y Secretar\u00eda de Salud Chiapas Oficial invita a toda la poblaci\u00f3n a participar en la Semana Nacional de Vacunaci\u00f3n 2026, que se llevar\u00e1 a cabo del 25 de abril al 2 de mayo bajo el lema \u201cVacunar es amar\u201d.<\/p>\n\n\n\n<p>Durante esta importante jornada, se estar\u00e1n aplicando vacunas de manera gratuita para proteger a ni\u00f1as, ni\u00f1os, adolescentes, personas adultas, adultos mayores, mujeres embarazadas y personal de salud, contribuyendo a prevenir enfermedades como sarampi\u00f3n, hepatitis, t\u00e9tanos, difteria, entre otras.<\/p>\n\n\n\n<p>El Gobierno Municipal hace un llamado a las familias de nuestro municipio a acudir a su unidad de salud m\u00e1s cercana y completar su esquema b\u00e1sico de vacunaci\u00f3n, ya que las vacunas son una de las herramientas m\u00e1s efectivas para cuidar la salud y el bienestar de la poblaci\u00f3n.<\/p>\n\n\n\n<p>Reiteramos nuestro compromiso de trabajar de la mano con las autoridades de salud para fortalecer la prevenci\u00f3n y garantizar mejores condiciones de vida para todas y todos.<\/p>\n\n\n\n<p>\u00a1Vacunarse es un acto de amor y responsabilidad!<\/p>\n\n\n\n<p><a href=\"https:\/\/www.facebook.com\/hashtag\/semananacionaldevacunacion?__cft__[0]=AZZYIsEdaomfyc71-X8OpsmP0iezE9pccVSGpDi1ThhzYSdz1S7VDm9eOJOfXExmm0ZqWhx5MNh-hGQ8fJeWnL4TqQSFc8MuExE6Pwj6EAjAF1dOjlrDaQBw--qnzAIDsqfMaFn-kq4K2RAeCTxBVOs8NyYBOmnqOH_OzPE-kIHmsY7A8EY18f9EG2MnL8SXqoY&amp;__tn__=*NK-R\" target=\"_blank\" rel=\"noopener\">#SemanaNacionalDeVacunacion<\/a><\/p>\n\n\n\n<p><a href=\"https:\/\/www.facebook.com\/hashtag\/sunuapaenprogresoydesarrolloparatodos?__cft__[0]=AZZYIsEdaomfyc71-X8OpsmP0iezE9pccVSGpDi1ThhzYSdz1S7VDm9eOJOfXExmm0ZqWhx5MNh-hGQ8fJeWnL4TqQSFc8MuExE6Pwj6EAjAF1dOjlrDaQBw--qnzAIDsqfMaFn-kq4K2RAeCTxBVOs8NyYBOmnqOH_OzPE-kIHmsY7A8EY18f9EG2MnL8SXqoY&amp;__tn__=*NK-R\" target=\"_blank\" rel=\"noopener\">#sunuapaenprogresoydesarrolloparatodos<\/a><\/p>\n\n\n\n<p><a href=\"https:\/\/www.facebook.com\/hashtag\/gobiernomunicipalsunuapa20242027?__cft__[0]=AZZYIsEdaomfyc71-X8OpsmP0iezE9pccVSGpDi1ThhzYSdz1S7VDm9eOJOfXExmm0ZqWhx5MNh-hGQ8fJeWnL4TqQSFc8MuExE6Pwj6EAjAF1dOjlrDaQBw--qnzAIDsqfMaFn-kq4K2RAeCTxBVOs8NyYBOmnqOH_OzPE-kIHmsY7A8EY18f9EG2MnL8SXqoY&amp;__tn__=*NK-R\" target=\"_blank\" rel=\"noopener\">#gobiernomunicipalsunuapa20242027<\/a><a href=\"https:\/\/www.facebook.com\/hashtag\/humanismoquetransforma?__cft__[0]=AZZYIsEdaomfyc71-X8OpsmP0iezE9pccVSGpDi1ThhzYSdz1S7VDm9eOJOfXExmm0ZqWhx5MNh-hGQ8fJeWnL4TqQSFc8MuExE6Pwj6EAjAF1dOjlrDaQBw--qnzAIDsqfMaFn-kq4K2RAeCTxBVOs8NyYBOmnqOH_OzPE-kIHmsY7A8EY18f9EG2MnL8SXqoY&amp;__tn__=*NK-R\" target=\"_blank\" rel=\"noopener\">#HumanismoQueTransforma<\/a><\/p>\n","protected":false},"excerpt":{"rendered":"<p>El Gobierno Municipal Sunuapa 2024 &#8211; 2027 , en coordinaci\u00f3n con la Secretar\u00eda de Salud, y Secretar\u00eda de Salud Chiapas Oficial invita a toda la poblaci\u00f3n a participar en la Semana Nacional de Vacunaci\u00f3n 2026, que se llevar\u00e1 a cabo del 25 de abril al 2 de mayo bajo el lema \u201cVacunar es amar\u201d. Durante [&hellip;]<\/p>\n","protected":false},"author":1,"featured_media":141341,"comment_status":"closed","ping_status":"closed","sticky":false,"template":"","format":"standard","meta":{"footnotes":""},"categories":[1],"tags":[],"class_list":["post-141302","post","type-post","status-publish","format-standard","has-post-thumbnail","hentry","category-general"],"_links":{"self":[{"href":"https:\/\/elobservadorzonanorte.com.mx\/index.php?rest_route=\/wp\/v2\/posts\/141302","targetHints":{"allow":["GET"]}}],"collection":[{"href":"https:\/\/elobservadorzonanorte.com.mx\/index.php?rest_route=\/wp\/v2\/posts"}],"about":[{"href":"https:\/\/elobservadorzonanorte.com.mx\/index.php?rest_route=\/wp\/v2\/types\/post"}],"author":[{"embeddable":true,"href":"https:\/\/elobservadorzonanorte.com.mx\/index.php?rest_route=\/wp\/v2\/users\/1"}],"replies":[{"embeddable":true,"href":"https:\/\/elobservadorzonanorte.com.mx\/index.php?rest_route=%2Fwp%2Fv2%2Fcomments&post=141302"}],"version-history":[{"count":1,"href":"https:\/\/elobservadorzonanorte.com.mx\/index.php?rest_route=\/wp\/v2\/posts\/141302\/revisions"}],"predecessor-version":[{"id":141390,"href":"https:\/\/elobservadorzonanorte.com.mx\/index.php?rest_route=\/wp\/v2\/posts\/141302\/revisions\/141390"}],"wp:featuredmedia":[{"embeddable":true,"href":"https:\/\/elobservadorzonanorte.com.mx\/index.php?rest_route=\/wp\/v2\/media\/141341"}],"wp:attachment":[{"href":"https:\/\/elobservadorzonanorte.com.mx\/index.php?rest_route=%2Fwp%2Fv2%2Fmedia&parent=141302"}],"wp:term":[{"taxonomy":"category","embeddable":true,"href":"https:\/\/elobservadorzonanorte.com.mx\/index.php?rest_route=%2Fwp%2Fv2%2Fcategories&post=141302"},{"taxonomy":"post_tag","embeddable":true,"href":"https:\/\/elobservadorzonanorte.com.mx\/index.php?rest_route=%2Fwp%2Fv2%2Ftags&post=141302"}],"curies":[{"name":"wp","href":"https:\/\/api.w.org\/{rel}","templated":true}]}}