{"id":141301,"date":"2026-04-29T04:23:53","date_gmt":"2026-04-29T04:23:53","guid":{"rendered":"https:\/\/elobservadorzonanorte.com.mx\/?p=141301"},"modified":"2026-04-29T04:23:54","modified_gmt":"2026-04-29T04:23:54","slug":"conmemoran-201-anos-de-la-instalacion-del-poder-judicial-en-chiapas-presentan-reproduccion-de-la-constitucion-de-1825","status":"publish","type":"post","link":"https:\/\/elobservadorzonanorte.com.mx\/?p=141301","title":{"rendered":"*Conmemoran 201 a\u00f1os de la instalaci\u00f3n del Poder Judicial en Chiapas; presentan reproducci\u00f3n de la Constituci\u00f3n de 1825*"},"content":{"rendered":"\n<figure class=\"wp-block-image size-full\"><img decoding=\"async\" width=\"590\" height=\"394\" src=\"https:\/\/elobservadorzonanorte.com.mx\/wp-content\/uploads\/2026\/04\/imagen-15-186.jpg\" alt=\"\" class=\"wp-image-141342\" srcset=\"https:\/\/elobservadorzonanorte.com.mx\/wp-content\/uploads\/2026\/04\/imagen-15-186.jpg 590w, https:\/\/elobservadorzonanorte.com.mx\/wp-content\/uploads\/2026\/04\/imagen-15-186-300x200.jpg 300w\" sizes=\"(max-width: 590px) 100vw, 590px\" \/><\/figure>\n\n\n\n<figure class=\"wp-block-image size-full\"><img decoding=\"async\" width=\"590\" height=\"394\" src=\"https:\/\/elobservadorzonanorte.com.mx\/wp-content\/uploads\/2026\/04\/imagen-15-187.jpg\" alt=\"\" class=\"wp-image-141343\" srcset=\"https:\/\/elobservadorzonanorte.com.mx\/wp-content\/uploads\/2026\/04\/imagen-15-187.jpg 590w, https:\/\/elobservadorzonanorte.com.mx\/wp-content\/uploads\/2026\/04\/imagen-15-187-300x200.jpg 300w\" sizes=\"(max-width: 590px) 100vw, 590px\" \/><\/figure>\n\n\n\n<p>&#8211; El gobernador Eduardo Ram\u00edrez puntualiz\u00f3 que la entidad refrenda su compromiso con una justicia pronta, expedita y cercana a la gente<\/p>\n\n\n\n<p>&#8211; \u201cChiapas tiene origen, Chiapas tiene historia, pero sobre todo Chiapas tiene destino y tiene futuro\u201d: Juan Carlos Moreno Guill\u00e9n<\/p>\n\n\n\n<p>Con el prop\u00f3sito de fortalecer la memoria hist\u00f3rica institucional y reafirmar el compromiso con la impartici\u00f3n de justicia, el Estado de derecho y la paz social, el gobernador constitucional del estado, Eduardo Ram\u00edrez Aguilar, y el magistrado presidente del Poder Judicial del Estado, Juan Carlos Moreno Guill\u00e9n, encabezaron la conmemoraci\u00f3n del 201 aniversario de la instalaci\u00f3n del Poder Judicial del Estado de Chiapas, con la presentaci\u00f3n de la edici\u00f3n facsimilar de la primera Constituci\u00f3n de Chiapa de 1825.<\/p>\n\n\n\n<p>Durante su mensaje, el gobernador Eduardo Ram\u00edrez Aguilar, record\u00f3 el legado de pr\u00f3ceres chiapanecos como Fray Mat\u00edas de C\u00f3rdova y Ord\u00f3\u00f1ez, Joaqu\u00edn Miguel Guti\u00e9rrez y \u00c1ngel Albino Corzo, y destac\u00f3 el esp\u00edritu patriota, soberano, democr\u00e1tico y federalista de Chiapas. Asimismo, puntualiz\u00f3 que, a 201 a\u00f1os de la instalaci\u00f3n del Poder Judicial, la entidad refrenda su compromiso con una justicia pronta, expedita y cercana a la gente.<\/p>\n\n\n\n<p>\u201cPorque cuando hay justicia, hay confianza. Y cuando hay confianza, hay prosperidad\u201d, expres\u00f3 el mandatario al tiempo de felicitar a quienes integran el Poder Judicial.<\/p>\n\n\n\n<p>Por su parte, el magistrado presidente Juan Carlos Moreno Guill\u00e9n destac\u00f3 que el legado hist\u00f3rico de este documento, permite conocer y afirmar la identidad de las y los chiapanecos, y se\u00f1al\u00f3 que quien no conoce su historia, no conoce su presente adecuadamente y no tendr\u00e1 certeza sobre su destino.<\/p>\n\n\n\n<p>Asimismo, afirm\u00f3 que la Constituci\u00f3n es el reflejo del momento que vive una sociedad, el alma de una naci\u00f3n y la ventana que permite a los pueblos vislumbrar su futuro, por lo que este documento resulta fundamental para entender el presente del estado. \u201cChiapas tiene origen, Chiapas tiene historia, pero sobre todo Chiapas tiene destino y tiene futuro\u201d, enfatiz\u00f3.<\/p>\n\n\n\n<p>La presentaci\u00f3n de este documento hist\u00f3rico, que data de la \u00e9poca de los or\u00edgenes de este Tribunal de Justicia, es un logro que fue posible gracias al trabajo conjunto entre los poderes Ejecutivo y Judicial, destacando la valiosa colaboraci\u00f3n del director del Archivo General del Estado, Carlos Rom\u00e1n Garc\u00eda, y del escritor, investigador y docente, Valente Molina P\u00e9rez, quienes aportaron sus conocimientos para rescatar y difundir este importante legado, que marc\u00f3 el inicio de un marco jur\u00eddico propio para Chiapas.<\/p>\n\n\n\n<p>En este acto tambi\u00e9n se cont\u00f3 con la intervenci\u00f3n de la magistrada del Segundo Tribunal de Alzada en Materia Penal, Sandra Ivonne G\u00f3mez Dom\u00ednguez; as\u00ed como del investigador Valente Molina P\u00e9rez; quienes, adem\u00e1s de ofrecer un recorrido hist\u00f3rico y un contexto del trabajo realizado, se congratularon por la labor que se est\u00e1 gestando desde el Poder Judicial, para acercar la justicia a la ciudadan\u00eda, en especial a los pueblos originarios.<\/p>\n\n\n\n<p>A m\u00e1s de dos siglos de su promulgaci\u00f3n, este acto representa tanto un ejercicio de memoria, como un compromiso renovado con la justicia, el Estado de derecho y la paz social, recordando que nuestras ra\u00edces jur\u00eddicas siguen guiando el presente y el futuro de Chiapas.<\/p>\n\n\n\n<p>Estuvieron presentes la diputada presidenta de la Mesa Directiva del Congreso del Estado, Alejandra G\u00f3mez Mendoza; el fiscal general del Estado, Jorge Luis Llaven Abarca; el secretario de Seguridad del Pueblo, \u00d3scar Alberto Aparicio Avenda\u00f1o; el coordinador de la Guardia Nacional en Chiapas, Gral. Brig. E.M. J. In\u00e9s Mel\u00e9ndez Estrada; la magistrada presidenta del Tribunal Electoral de Chiapas, Magali Anabel Arellano C\u00f3rdova; la magistrada presidenta del Tribunal de Justicia Administrativa, Edna Maritza Morales Bautista; y la consejera presidenta del IEPC, Marina Martha L\u00f3pez Santiago.<\/p>\n\n\n\n<p>De igual manera, asistieron representantes de las Fuerzas Armadas, integrantes de la Mesa de Paz, diputadas y diputados, consejer\u00eda del IEPC, consejeras y consejeros de la Judicatura, magistradas, magistrados, juezas y jueces, as\u00ed como personas servidoras del pueblo.<\/p>\n","protected":false},"excerpt":{"rendered":"<p>&#8211; El gobernador Eduardo Ram\u00edrez puntualiz\u00f3 que la entidad refrenda su compromiso con una justicia pronta, expedita y cercana a la gente &#8211; \u201cChiapas tiene origen, Chiapas tiene historia, pero sobre todo Chiapas tiene destino y tiene futuro\u201d: Juan Carlos Moreno Guill\u00e9n Con el prop\u00f3sito de fortalecer la memoria hist\u00f3rica institucional y reafirmar el compromiso [&hellip;]<\/p>\n","protected":false},"author":1,"featured_media":141343,"comment_status":"closed","ping_status":"closed","sticky":false,"template":"","format":"standard","meta":{"footnotes":""},"categories":[1],"tags":[],"class_list":["post-141301","post","type-post","status-publish","format-standard","has-post-thumbnail","hentry","category-general"],"_links":{"self":[{"href":"https:\/\/elobservadorzonanorte.com.mx\/index.php?rest_route=\/wp\/v2\/posts\/141301","targetHints":{"allow":["GET"]}}],"collection":[{"href":"https:\/\/elobservadorzonanorte.com.mx\/index.php?rest_route=\/wp\/v2\/posts"}],"about":[{"href":"https:\/\/elobservadorzonanorte.com.mx\/index.php?rest_route=\/wp\/v2\/types\/post"}],"author":[{"embeddable":true,"href":"https:\/\/elobservadorzonanorte.com.mx\/index.php?rest_route=\/wp\/v2\/users\/1"}],"replies":[{"embeddable":true,"href":"https:\/\/elobservadorzonanorte.com.mx\/index.php?rest_route=%2Fwp%2Fv2%2Fcomments&post=141301"}],"version-history":[{"count":1,"href":"https:\/\/elobservadorzonanorte.com.mx\/index.php?rest_route=\/wp\/v2\/posts\/141301\/revisions"}],"predecessor-version":[{"id":141391,"href":"https:\/\/elobservadorzonanorte.com.mx\/index.php?rest_route=\/wp\/v2\/posts\/141301\/revisions\/141391"}],"wp:featuredmedia":[{"embeddable":true,"href":"https:\/\/elobservadorzonanorte.com.mx\/index.php?rest_route=\/wp\/v2\/media\/141343"}],"wp:attachment":[{"href":"https:\/\/elobservadorzonanorte.com.mx\/index.php?rest_route=%2Fwp%2Fv2%2Fmedia&parent=141301"}],"wp:term":[{"taxonomy":"category","embeddable":true,"href":"https:\/\/elobservadorzonanorte.com.mx\/index.php?rest_route=%2Fwp%2Fv2%2Fcategories&post=141301"},{"taxonomy":"post_tag","embeddable":true,"href":"https:\/\/elobservadorzonanorte.com.mx\/index.php?rest_route=%2Fwp%2Fv2%2Ftags&post=141301"}],"curies":[{"name":"wp","href":"https:\/\/api.w.org\/{rel}","templated":true}]}}