{"id":141299,"date":"2026-04-29T04:23:39","date_gmt":"2026-04-29T04:23:39","guid":{"rendered":"https:\/\/elobservadorzonanorte.com.mx\/?p=141299"},"modified":"2026-04-29T04:23:40","modified_gmt":"2026-04-29T04:23:40","slug":"majin-aguilar-utrilla-realizo-la-inauguracion-de-proyecto-de-electrificacion-en-beneficio-de-las-familias-del-ejido-limon","status":"publish","type":"post","link":"https:\/\/elobservadorzonanorte.com.mx\/?p=141299","title":{"rendered":"Majin Aguilar Utrilla realiz\u00f3 la inauguraci\u00f3n de proyecto de electrificaci\u00f3n en beneficio de las familias del ejido Lim\u00f3n"},"content":{"rendered":"\n<figure class=\"wp-block-image size-full\"><img decoding=\"async\" width=\"590\" height=\"331\" src=\"https:\/\/elobservadorzonanorte.com.mx\/wp-content\/uploads\/2026\/04\/imagen-15-182.jpg\" alt=\"\" class=\"wp-image-141338\" srcset=\"https:\/\/elobservadorzonanorte.com.mx\/wp-content\/uploads\/2026\/04\/imagen-15-182.jpg 590w, https:\/\/elobservadorzonanorte.com.mx\/wp-content\/uploads\/2026\/04\/imagen-15-182-300x168.jpg 300w\" sizes=\"(max-width: 590px) 100vw, 590px\" \/><\/figure>\n\n\n\n<figure class=\"wp-block-image size-full\"><img decoding=\"async\" width=\"590\" height=\"328\" src=\"https:\/\/elobservadorzonanorte.com.mx\/wp-content\/uploads\/2026\/04\/imagen-15-183.jpg\" alt=\"\" class=\"wp-image-141339\" srcset=\"https:\/\/elobservadorzonanorte.com.mx\/wp-content\/uploads\/2026\/04\/imagen-15-183.jpg 590w, https:\/\/elobservadorzonanorte.com.mx\/wp-content\/uploads\/2026\/04\/imagen-15-183-300x167.jpg 300w\" sizes=\"(max-width: 590px) 100vw, 590px\" \/><\/figure>\n\n\n\n<figure class=\"wp-block-image size-full\"><img decoding=\"async\" width=\"590\" height=\"443\" src=\"https:\/\/elobservadorzonanorte.com.mx\/wp-content\/uploads\/2026\/04\/imagen-15-184.jpg\" alt=\"\" class=\"wp-image-141340\" srcset=\"https:\/\/elobservadorzonanorte.com.mx\/wp-content\/uploads\/2026\/04\/imagen-15-184.jpg 590w, https:\/\/elobservadorzonanorte.com.mx\/wp-content\/uploads\/2026\/04\/imagen-15-184-300x225.jpg 300w\" sizes=\"(max-width: 590px) 100vw, 590px\" \/><\/figure>\n\n\n\n<p>El alcalde Majin Aguilar Utrilla acompa\u00f1ado del delegado de gobierno Carlos Mario P\u00e9rez Gallegos, funcionarios as\u00ed como l\u00edderes ejidales y familias del lugar inauguraron este importante proyecto, cumpliendo a la gente que hab\u00eda enfrentado dificultades por la falta de suministro el\u00e9ctrico.<\/p>\n\n\n\n<p>Durante el evento, el mandatario refrend\u00f3 su compromiso de trabajar de la mano, bajo las obras priorizada mediante asamblea general de cada localidad, donde la gente elije la obra que se realizar\u00e1 en su administraci\u00f3n, dejando claro que el pueblo manda y agradeci\u00f3 el respaldo total del Gobernador del Estado, Dr. Eduardo Ram\u00edrez, para la transformaci\u00f3n del municipio.<\/p>\n\n\n\n<p>Con esta obra, el gobierno municipal demuestra que la gesti\u00f3n comprometida y cercana a la gente genera resultados concretos, impulsando la calidad de vida de quienes m\u00e1s lo necesitan.<\/p>\n\n\n\n<p>\u00a1Unidos por una Nueva ERA!<\/p>\n\n\n\n<p><a href=\"https:\/\/www.facebook.com\/hashtag\/transformaci%C3%B3nhumanista?__cft__[0]=AZaK_8IR5oe2ZURuCeUYDCsAtO0xCiOu534Moyvft6P9XA1YnjqCwZ6-bAYqKKpYUKfROoCkPeyWnmeX_37IPU2gZYpw4uRkODiard9FvPgme1Xsh3tsjgypveeY56N9u6nAko2epJXgaCMjbJ74k_ooE6Vn5Eo_FHiUIJaCWqkGDyvjzC-3gXsnxlF3ke4EXOs&amp;__tn__=*NK-R\" target=\"_blank\" rel=\"noopener\">#Transformaci\u00f3nHumanista<\/a><a href=\"https:\/\/www.facebook.com\/hashtag\/gobiernodelpueblo?__cft__[0]=AZaK_8IR5oe2ZURuCeUYDCsAtO0xCiOu534Moyvft6P9XA1YnjqCwZ6-bAYqKKpYUKfROoCkPeyWnmeX_37IPU2gZYpw4uRkODiard9FvPgme1Xsh3tsjgypveeY56N9u6nAko2epJXgaCMjbJ74k_ooE6Vn5Eo_FHiUIJaCWqkGDyvjzC-3gXsnxlF3ke4EXOs&amp;__tn__=*NK-R\" target=\"_blank\" rel=\"noopener\">#GobiernoDelPueblo<\/a><a href=\"https:\/\/www.facebook.com\/hashtag\/compromisoconelpueblo?__cft__[0]=AZaK_8IR5oe2ZURuCeUYDCsAtO0xCiOu534Moyvft6P9XA1YnjqCwZ6-bAYqKKpYUKfROoCkPeyWnmeX_37IPU2gZYpw4uRkODiard9FvPgme1Xsh3tsjgypveeY56N9u6nAko2epJXgaCMjbJ74k_ooE6Vn5Eo_FHiUIJaCWqkGDyvjzC-3gXsnxlF3ke4EXOs&amp;__tn__=*NK-R\" target=\"_blank\" rel=\"noopener\">#CompromisoConElPueblo<\/a><\/p>\n\n\n\n<p><a href=\"https:\/\/www.facebook.com\/hashtag\/nuevaera?__cft__[0]=AZaK_8IR5oe2ZURuCeUYDCsAtO0xCiOu534Moyvft6P9XA1YnjqCwZ6-bAYqKKpYUKfROoCkPeyWnmeX_37IPU2gZYpw4uRkODiard9FvPgme1Xsh3tsjgypveeY56N9u6nAko2epJXgaCMjbJ74k_ooE6Vn5Eo_FHiUIJaCWqkGDyvjzC-3gXsnxlF3ke4EXOs&amp;__tn__=*NK-R\" target=\"_blank\" rel=\"noopener\">#NuevaEra<\/a><\/p>\n\n\n\n<p><a href=\"https:\/\/www.facebook.com\/hashtag\/majinaguilar?__cft__[0]=AZaK_8IR5oe2ZURuCeUYDCsAtO0xCiOu534Moyvft6P9XA1YnjqCwZ6-bAYqKKpYUKfROoCkPeyWnmeX_37IPU2gZYpw4uRkODiard9FvPgme1Xsh3tsjgypveeY56N9u6nAko2epJXgaCMjbJ74k_ooE6Vn5Eo_FHiUIJaCWqkGDyvjzC-3gXsnxlF3ke4EXOs&amp;__tn__=*NK-R\" target=\"_blank\" rel=\"noopener\">#MajinAguilar<\/a><\/p>\n\n\n\n<p><a href=\"https:\/\/www.facebook.com\/hashtag\/presidente?__cft__[0]=AZaK_8IR5oe2ZURuCeUYDCsAtO0xCiOu534Moyvft6P9XA1YnjqCwZ6-bAYqKKpYUKfROoCkPeyWnmeX_37IPU2gZYpw4uRkODiard9FvPgme1Xsh3tsjgypveeY56N9u6nAko2epJXgaCMjbJ74k_ooE6Vn5Eo_FHiUIJaCWqkGDyvjzC-3gXsnxlF3ke4EXOs&amp;__tn__=*NK-R\" target=\"_blank\" rel=\"noopener\">#Presidente<\/a><\/p>\n","protected":false},"excerpt":{"rendered":"<p>El alcalde Majin Aguilar Utrilla acompa\u00f1ado del delegado de gobierno Carlos Mario P\u00e9rez Gallegos, funcionarios as\u00ed como l\u00edderes ejidales y familias del lugar inauguraron este importante proyecto, cumpliendo a la gente que hab\u00eda enfrentado dificultades por la falta de suministro el\u00e9ctrico. Durante el evento, el mandatario refrend\u00f3 su compromiso de trabajar de la mano, bajo [&hellip;]<\/p>\n","protected":false},"author":1,"featured_media":141339,"comment_status":"closed","ping_status":"closed","sticky":false,"template":"","format":"standard","meta":{"footnotes":""},"categories":[1],"tags":[],"class_list":["post-141299","post","type-post","status-publish","format-standard","has-post-thumbnail","hentry","category-general"],"_links":{"self":[{"href":"https:\/\/elobservadorzonanorte.com.mx\/index.php?rest_route=\/wp\/v2\/posts\/141299","targetHints":{"allow":["GET"]}}],"collection":[{"href":"https:\/\/elobservadorzonanorte.com.mx\/index.php?rest_route=\/wp\/v2\/posts"}],"about":[{"href":"https:\/\/elobservadorzonanorte.com.mx\/index.php?rest_route=\/wp\/v2\/types\/post"}],"author":[{"embeddable":true,"href":"https:\/\/elobservadorzonanorte.com.mx\/index.php?rest_route=\/wp\/v2\/users\/1"}],"replies":[{"embeddable":true,"href":"https:\/\/elobservadorzonanorte.com.mx\/index.php?rest_route=%2Fwp%2Fv2%2Fcomments&post=141299"}],"version-history":[{"count":1,"href":"https:\/\/elobservadorzonanorte.com.mx\/index.php?rest_route=\/wp\/v2\/posts\/141299\/revisions"}],"predecessor-version":[{"id":141389,"href":"https:\/\/elobservadorzonanorte.com.mx\/index.php?rest_route=\/wp\/v2\/posts\/141299\/revisions\/141389"}],"wp:featuredmedia":[{"embeddable":true,"href":"https:\/\/elobservadorzonanorte.com.mx\/index.php?rest_route=\/wp\/v2\/media\/141339"}],"wp:attachment":[{"href":"https:\/\/elobservadorzonanorte.com.mx\/index.php?rest_route=%2Fwp%2Fv2%2Fmedia&parent=141299"}],"wp:term":[{"taxonomy":"category","embeddable":true,"href":"https:\/\/elobservadorzonanorte.com.mx\/index.php?rest_route=%2Fwp%2Fv2%2Fcategories&post=141299"},{"taxonomy":"post_tag","embeddable":true,"href":"https:\/\/elobservadorzonanorte.com.mx\/index.php?rest_route=%2Fwp%2Fv2%2Ftags&post=141299"}],"curies":[{"name":"wp","href":"https:\/\/api.w.org\/{rel}","templated":true}]}}