{"id":141298,"date":"2026-04-29T04:23:24","date_gmt":"2026-04-29T04:23:24","guid":{"rendered":"https:\/\/elobservadorzonanorte.com.mx\/?p=141298"},"modified":"2026-04-29T04:23:25","modified_gmt":"2026-04-29T04:23:25","slug":"el-presidente-municipal-erlen-sanchez-hernandez-presenta-la-cartelera-oficial-de-la-tradicional-feria-del-pueblo-en-honor-a-la-santisima-virgen-maria","status":"publish","type":"post","link":"https:\/\/elobservadorzonanorte.com.mx\/?p=141298","title":{"rendered":"El presidente municipal Erlen Sanchez Hernandez presenta la cartelera oficial de la tradicional Feria del Pueblo en honor a la Sant\u00edsima Virgen Mar\u00eda"},"content":{"rendered":"<p><iframe loading=\"lazy\" src=\"https:\/\/www.facebook.com\/plugins\/video.php?height=314&#038;href=https%3A%2F%2Fwww.facebook.com%2Freel%2F2016086342679360%2F&#038;show_text=false&#038;width=560&#038;t=0\" width=\"560\" height=\"314\" style=\"border:none;overflow:hidden\" scrolling=\"no\" frameborder=\"0\" allowfullscreen=\"true\" allow=\"autoplay; clipboard-write; encrypted-media; picture-in-picture; web-share\" allowFullScreen=\"true\"><\/iframe><\/p>\n\n\n\n<p>Una celebraci\u00f3n que enaltece la fe, fortalece las ra\u00edces y llena de orgullo a la gente; preparando cada actividad con esmero para ofrecer espacios de sana convivencia, cultura, alegr\u00eda y uni\u00f3n familiar<\/p>\n\n\n\n<p>\u00abPor lo que les invitamos cordialmente a que nos acompa\u00f1en y juntos disfrutemos de esta gran fiesta en un ambiente de respeto, armon\u00eda y fraternidad, celebrando nuestras costumbres y el esp\u00edritu que da identidad a nuestro querido pueblo\u00bb.<\/p>\n\n\n\n<p><a href=\"https:\/\/www.facebook.com\/watch\/hashtag\/erlensanchezhernandez\/?__cft__[0]=AZZyLcrNXc9e9rPCkqfII2gmkIB7bePrCf5gOr5sXEGutPo-C5vJ2IcK0mNjgVj8MK64HDOkwtQBCMgB0ZEF4Jo7bqTiPe5iYv-xcc_jZBYmCV_W9pwX0r5BtkawH3xrYuMs0bpFD7NizLt4EE3fBXFHzaAri5SiHjdLc8kCWEXyLzx-3Yl_xgjd9MfNIUYTlTYz8p6py7-zPbjdZgsAFq6P&amp;__tn__=*NK-R\" target=\"_blank\" rel=\"noopener\">#ErlenSanchezHernandez<\/a>.<\/p>\n\n\n\n<p><a href=\"https:\/\/www.facebook.com\/watch\/hashtag\/feriadelpueblo2026\/?__cft__[0]=AZZyLcrNXc9e9rPCkqfII2gmkIB7bePrCf5gOr5sXEGutPo-C5vJ2IcK0mNjgVj8MK64HDOkwtQBCMgB0ZEF4Jo7bqTiPe5iYv-xcc_jZBYmCV_W9pwX0r5BtkawH3xrYuMs0bpFD7NizLt4EE3fBXFHzaAri5SiHjdLc8kCWEXyLzx-3Yl_xgjd9MfNIUYTlTYz8p6py7-zPbjdZgsAFq6P&amp;__tn__=*NK-R\" target=\"_blank\" rel=\"noopener\">#FeriaDelPueblo2026<\/a>.<\/p>\n\n\n\n<p><a href=\"https:\/\/www.facebook.com\/watch\/hashtag\/quevivalavirgenmar%C3%ADa\/?__cft__[0]=AZZyLcrNXc9e9rPCkqfII2gmkIB7bePrCf5gOr5sXEGutPo-C5vJ2IcK0mNjgVj8MK64HDOkwtQBCMgB0ZEF4Jo7bqTiPe5iYv-xcc_jZBYmCV_W9pwX0r5BtkawH3xrYuMs0bpFD7NizLt4EE3fBXFHzaAri5SiHjdLc8kCWEXyLzx-3Yl_xgjd9MfNIUYTlTYz8p6py7-zPbjdZgsAFq6P&amp;__tn__=*NK-R\" target=\"_blank\" rel=\"noopener\">#QueVivaLaVirgenMar\u00eda<\/a>.<\/p>\n\n\n\n<p><a href=\"https:\/\/www.facebook.com\/watch\/hashtag\/pueblonuevosolistahuacan\/?__cft__[0]=AZZyLcrNXc9e9rPCkqfII2gmkIB7bePrCf5gOr5sXEGutPo-C5vJ2IcK0mNjgVj8MK64HDOkwtQBCMgB0ZEF4Jo7bqTiPe5iYv-xcc_jZBYmCV_W9pwX0r5BtkawH3xrYuMs0bpFD7NizLt4EE3fBXFHzaAri5SiHjdLc8kCWEXyLzx-3Yl_xgjd9MfNIUYTlTYz8p6py7-zPbjdZgsAFq6P&amp;__tn__=*NK-R\" target=\"_blank\" rel=\"noopener\">#PuebloNuevoSolistahuacan<\/a>.<\/p>\n\n\n\n<p><a href=\"https:\/\/www.facebook.com\/profile.php?id=61585752843975&amp;__cft__[0]=AZZyLcrNXc9e9rPCkqfII2gmkIB7bePrCf5gOr5sXEGutPo-C5vJ2IcK0mNjgVj8MK64HDOkwtQBCMgB0ZEF4Jo7bqTiPe5iYv-xcc_jZBYmCV_W9pwX0r5BtkawH3xrYuMs0bpFD7NizLt4EE3fBXFHzaAri5SiHjdLc8kCWEXyLzx-3Yl_xgjd9MfNIUYTlTYz8p6py7-zPbjdZgsAFq6P&amp;__tn__=-]K-R\" target=\"_blank\" rel=\"noopener\">Rodriguez Estrada Neydi<\/a><\/p>\n\n\n\n<figure class=\"wp-block-video\"><\/figure>\n\n\n\n<p>0:00 \/ 3:14<\/p>\n","protected":false},"excerpt":{"rendered":"<p>Una celebraci\u00f3n que enaltece la fe, fortalece las ra\u00edces y llena de orgullo a la gente; preparando cada actividad con esmero para ofrecer espacios de sana convivencia, cultura, alegr\u00eda y uni\u00f3n familiar \u00abPor lo que les invitamos cordialmente a que nos acompa\u00f1en y juntos disfrutemos de esta gran fiesta en un ambiente de respeto, armon\u00eda [&hellip;]<\/p>\n","protected":false},"author":1,"featured_media":0,"comment_status":"closed","ping_status":"closed","sticky":false,"template":"","format":"standard","meta":{"footnotes":""},"categories":[1],"tags":[],"class_list":["post-141298","post","type-post","status-publish","format-standard","hentry","category-general"],"_links":{"self":[{"href":"https:\/\/elobservadorzonanorte.com.mx\/index.php?rest_route=\/wp\/v2\/posts\/141298","targetHints":{"allow":["GET"]}}],"collection":[{"href":"https:\/\/elobservadorzonanorte.com.mx\/index.php?rest_route=\/wp\/v2\/posts"}],"about":[{"href":"https:\/\/elobservadorzonanorte.com.mx\/index.php?rest_route=\/wp\/v2\/types\/post"}],"author":[{"embeddable":true,"href":"https:\/\/elobservadorzonanorte.com.mx\/index.php?rest_route=\/wp\/v2\/users\/1"}],"replies":[{"embeddable":true,"href":"https:\/\/elobservadorzonanorte.com.mx\/index.php?rest_route=%2Fwp%2Fv2%2Fcomments&post=141298"}],"version-history":[{"count":1,"href":"https:\/\/elobservadorzonanorte.com.mx\/index.php?rest_route=\/wp\/v2\/posts\/141298\/revisions"}],"predecessor-version":[{"id":141387,"href":"https:\/\/elobservadorzonanorte.com.mx\/index.php?rest_route=\/wp\/v2\/posts\/141298\/revisions\/141387"}],"wp:attachment":[{"href":"https:\/\/elobservadorzonanorte.com.mx\/index.php?rest_route=%2Fwp%2Fv2%2Fmedia&parent=141298"}],"wp:term":[{"taxonomy":"category","embeddable":true,"href":"https:\/\/elobservadorzonanorte.com.mx\/index.php?rest_route=%2Fwp%2Fv2%2Fcategories&post=141298"},{"taxonomy":"post_tag","embeddable":true,"href":"https:\/\/elobservadorzonanorte.com.mx\/index.php?rest_route=%2Fwp%2Fv2%2Ftags&post=141298"}],"curies":[{"name":"wp","href":"https:\/\/api.w.org\/{rel}","templated":true}]}}