{"id":141293,"date":"2026-04-29T04:22:58","date_gmt":"2026-04-29T04:22:58","guid":{"rendered":"https:\/\/elobservadorzonanorte.com.mx\/?p=141293"},"modified":"2026-04-29T04:22:59","modified_gmt":"2026-04-29T04:22:59","slug":"rayon-contara-con-un-centro-libre-para-las-mujeres","status":"publish","type":"post","link":"https:\/\/elobservadorzonanorte.com.mx\/?p=141293","title":{"rendered":"Ray\u00f3n contar\u00e1 con un Centro LIBRE para las Mujeres"},"content":{"rendered":"\n<figure class=\"wp-block-image size-large\"><img decoding=\"async\" width=\"600\" height=\"400\" src=\"https:\/\/elobservadorzonanorte.com.mx\/wp-content\/uploads\/2026\/04\/imagen-15-174-600x400.jpg\" alt=\"\" class=\"wp-image-141330\" srcset=\"https:\/\/elobservadorzonanorte.com.mx\/wp-content\/uploads\/2026\/04\/imagen-15-174-600x400.jpg 600w, https:\/\/elobservadorzonanorte.com.mx\/wp-content\/uploads\/2026\/04\/imagen-15-174-300x200.jpg 300w, https:\/\/elobservadorzonanorte.com.mx\/wp-content\/uploads\/2026\/04\/imagen-15-174-768x513.jpg 768w, https:\/\/elobservadorzonanorte.com.mx\/wp-content\/uploads\/2026\/04\/imagen-15-174.jpg 809w\" sizes=\"(max-width: 600px) 100vw, 600px\" \/><\/figure>\n\n\n\n<p>Ante las gestiones del presidente municipal <a href=\"https:\/\/www.facebook.com\/domingo.trejo1?__cft__[0]=AZbNVI1kp-wQNWvSnVFlYpXwxqBi9raWFYbhCs7qLhvfKam_HH67YNdITkRCGNp0x0LnZ4VxogccWLPM5W6aYUlruIzjlssCtmx3_5ej_HhlG5dlfTLdI6HHUueB5Le5QE2MyZSww1N-BFK5fcd9OhiP8jUpB--L18fgopRa8QSIufKaTyAQbIs72v4ygcNZmRI&amp;__tn__=-]K-R\" target=\"_blank\" rel=\"noopener\">Domingo Trejo<\/a> ante las instancias correspondientes y con el apoyo del gobernador <a href=\"https:\/\/www.facebook.com\/EduardoRamirezGobernador?__cft__[0]=AZbNVI1kp-wQNWvSnVFlYpXwxqBi9raWFYbhCs7qLhvfKam_HH67YNdITkRCGNp0x0LnZ4VxogccWLPM5W6aYUlruIzjlssCtmx3_5ej_HhlG5dlfTLdI6HHUueB5Le5QE2MyZSww1N-BFK5fcd9OhiP8jUpB--L18fgopRa8QSIufKaTyAQbIs72v4ygcNZmRI&amp;__tn__=-]K-R\" target=\"_blank\" rel=\"noopener\">Eduardo Ram\u00edrez<\/a>, este d\u00eda se logr\u00f3 que fuera beneficiado con un Centro libre.<\/p>\n\n\n\n<p>La secretaria de la Mujer e Igualdad de G\u00e9nero, Marian Vazquez Gonz\u00e1lez, recibi\u00f3 al presidente municipal de Ray\u00f3n, Domingo Gonz\u00e1lez Trejo, qui\u00e9nes firmaron un convenio de colaboraci\u00f3n para la instalaci\u00f3n del Centro LIBRE para las Mujeres en el municipio.<\/p>\n\n\n\n<p>Este espacio brindar\u00e1 atenci\u00f3n integral en beneficio de las mujeres, ofreciendo servicios de trabajo social, atenci\u00f3n psicol\u00f3gica y acompa\u00f1amiento jur\u00eddico, fortaleciendo as\u00ed el acceso a una vida libre de violencia y con mayores oportunidades.<\/p>\n\n\n\n<p><a href=\"https:\/\/www.facebook.com\/hashtag\/humanismoquetransforma?__cft__[0]=AZbNVI1kp-wQNWvSnVFlYpXwxqBi9raWFYbhCs7qLhvfKam_HH67YNdITkRCGNp0x0LnZ4VxogccWLPM5W6aYUlruIzjlssCtmx3_5ej_HhlG5dlfTLdI6HHUueB5Le5QE2MyZSww1N-BFK5fcd9OhiP8jUpB--L18fgopRa8QSIufKaTyAQbIs72v4ygcNZmRI&amp;__tn__=*NK-R\" target=\"_blank\" rel=\"noopener\">#HumanismoQueTransforma<\/a><\/p>\n","protected":false},"excerpt":{"rendered":"<p>Ante las gestiones del presidente municipal Domingo Trejo ante las instancias correspondientes y con el apoyo del gobernador Eduardo Ram\u00edrez, este d\u00eda se logr\u00f3 que fuera beneficiado con un Centro libre. La secretaria de la Mujer e Igualdad de G\u00e9nero, Marian Vazquez Gonz\u00e1lez, recibi\u00f3 al presidente municipal de Ray\u00f3n, Domingo Gonz\u00e1lez Trejo, qui\u00e9nes firmaron un [&hellip;]<\/p>\n","protected":false},"author":1,"featured_media":141330,"comment_status":"closed","ping_status":"closed","sticky":false,"template":"","format":"standard","meta":{"footnotes":""},"categories":[1],"tags":[],"class_list":["post-141293","post","type-post","status-publish","format-standard","has-post-thumbnail","hentry","category-general"],"_links":{"self":[{"href":"https:\/\/elobservadorzonanorte.com.mx\/index.php?rest_route=\/wp\/v2\/posts\/141293","targetHints":{"allow":["GET"]}}],"collection":[{"href":"https:\/\/elobservadorzonanorte.com.mx\/index.php?rest_route=\/wp\/v2\/posts"}],"about":[{"href":"https:\/\/elobservadorzonanorte.com.mx\/index.php?rest_route=\/wp\/v2\/types\/post"}],"author":[{"embeddable":true,"href":"https:\/\/elobservadorzonanorte.com.mx\/index.php?rest_route=\/wp\/v2\/users\/1"}],"replies":[{"embeddable":true,"href":"https:\/\/elobservadorzonanorte.com.mx\/index.php?rest_route=%2Fwp%2Fv2%2Fcomments&post=141293"}],"version-history":[{"count":1,"href":"https:\/\/elobservadorzonanorte.com.mx\/index.php?rest_route=\/wp\/v2\/posts\/141293\/revisions"}],"predecessor-version":[{"id":141382,"href":"https:\/\/elobservadorzonanorte.com.mx\/index.php?rest_route=\/wp\/v2\/posts\/141293\/revisions\/141382"}],"wp:featuredmedia":[{"embeddable":true,"href":"https:\/\/elobservadorzonanorte.com.mx\/index.php?rest_route=\/wp\/v2\/media\/141330"}],"wp:attachment":[{"href":"https:\/\/elobservadorzonanorte.com.mx\/index.php?rest_route=%2Fwp%2Fv2%2Fmedia&parent=141293"}],"wp:term":[{"taxonomy":"category","embeddable":true,"href":"https:\/\/elobservadorzonanorte.com.mx\/index.php?rest_route=%2Fwp%2Fv2%2Fcategories&post=141293"},{"taxonomy":"post_tag","embeddable":true,"href":"https:\/\/elobservadorzonanorte.com.mx\/index.php?rest_route=%2Fwp%2Fv2%2Ftags&post=141293"}],"curies":[{"name":"wp","href":"https:\/\/api.w.org\/{rel}","templated":true}]}}