{"id":141286,"date":"2026-04-29T04:21:52","date_gmt":"2026-04-29T04:21:52","guid":{"rendered":"https:\/\/elobservadorzonanorte.com.mx\/?p=141286"},"modified":"2026-04-29T04:21:54","modified_gmt":"2026-04-29T04:21:54","slug":"festeja-majin-aguilar-utrilla-a-ninos-de-la-localidad-reforma-y-planada","status":"publish","type":"post","link":"https:\/\/elobservadorzonanorte.com.mx\/?p=141286","title":{"rendered":"Festeja Majin Aguilar Utrilla a ni\u00f1os de la localidad Reforma y Planada"},"content":{"rendered":"\n<figure class=\"wp-block-image size-full\"><img decoding=\"async\" width=\"590\" height=\"443\" src=\"https:\/\/elobservadorzonanorte.com.mx\/wp-content\/uploads\/2026\/04\/imagen-15-163.jpg\" alt=\"\" class=\"wp-image-141319\" srcset=\"https:\/\/elobservadorzonanorte.com.mx\/wp-content\/uploads\/2026\/04\/imagen-15-163.jpg 590w, https:\/\/elobservadorzonanorte.com.mx\/wp-content\/uploads\/2026\/04\/imagen-15-163-300x225.jpg 300w\" sizes=\"(max-width: 590px) 100vw, 590px\" \/><\/figure>\n\n\n\n<figure class=\"wp-block-image size-full\"><img decoding=\"async\" width=\"590\" height=\"443\" src=\"https:\/\/elobservadorzonanorte.com.mx\/wp-content\/uploads\/2026\/04\/imagen-15-164.jpg\" alt=\"\" class=\"wp-image-141320\" srcset=\"https:\/\/elobservadorzonanorte.com.mx\/wp-content\/uploads\/2026\/04\/imagen-15-164.jpg 590w, https:\/\/elobservadorzonanorte.com.mx\/wp-content\/uploads\/2026\/04\/imagen-15-164-300x225.jpg 300w\" sizes=\"(max-width: 590px) 100vw, 590px\" \/><\/figure>\n\n\n\n<p>El presidente municipal Majin Aguilar Utrilla, encabez\u00f3 un emotivo festival en el ejido Reforma y Planada, destacando la importancia de reconocer y fortalecer a la ni\u00f1ez como pilar fundamental del presente y futuro del municipio.<\/p>\n\n\n\n<p>El edil subray\u00f3 que su administraci\u00f3n mantiene un compromiso firme con las ni\u00f1as y los ni\u00f1os, impulsando acciones que promueven su bienestar, desarrollo y felicidad.<\/p>\n\n\n\n<p>En ese sentido, reiter\u00f3 que, desde el DIF Municipal, se trabaja de manera coordinada para garantizar atenci\u00f3n integral a este sector prioritario.<\/p>\n\n\n\n<p>La celebraci\u00f3n estuvo marcada por un ambiente de alegr\u00eda y sana convivencia, donde las familias pudieron disfrutar de un festival dise\u00f1ado especialmente para honrar a los \u201creyes del hogar\u201d.<\/p>\n\n\n\n<p>Como parte de las actividades, se llev\u00f3 a cabo un show de payasos que llen\u00f3 de risas el lugar, adem\u00e1s de rifas y la entrega de regalos a ni\u00f1as y ni\u00f1os.<\/p>\n\n\n\n<p>Con este tipo de acciones, el Gobierno Municipal refrenda su vocaci\u00f3n de servicio y su compromiso de seguir construyendo una sociedad m\u00e1s justa, donde la ni\u00f1ez crezca en un entorno de amor, atenci\u00f3n y oportunidades.<\/p>\n\n\n\n<p>\u00a1Unidos por una Nueva ERA!<\/p>\n\n\n\n<p><a href=\"https:\/\/www.facebook.com\/hashtag\/ayuntamientodeamatan?__cft__[0]=AZb00jROd9rMIWAww2h6PJv2C6-hC7--GTWn7u8daqDr-eiynKFHJkBf-1BFVUy7CmvG02wcHJU6SdHbOu1dB9RAsZJyO9W6subOiivkUhIil7cU3ibIJIWAv6ELmRbdkQ2ZxRO8XXAmBH-ZP4MXuiXZojT4RHMgkbHpS4ef9mLy5Ju6DIPAgcMkDFxijOR81jw&amp;__tn__=*NK-R\" target=\"_blank\" rel=\"noopener\">#AyuntamientoDeAmatan<\/a><\/p>\n\n\n\n<p><a href=\"https:\/\/www.facebook.com\/hashtag\/transformaci%C3%B3nhumanista?__cft__[0]=AZb00jROd9rMIWAww2h6PJv2C6-hC7--GTWn7u8daqDr-eiynKFHJkBf-1BFVUy7CmvG02wcHJU6SdHbOu1dB9RAsZJyO9W6subOiivkUhIil7cU3ibIJIWAv6ELmRbdkQ2ZxRO8XXAmBH-ZP4MXuiXZojT4RHMgkbHpS4ef9mLy5Ju6DIPAgcMkDFxijOR81jw&amp;__tn__=*NK-R\" target=\"_blank\" rel=\"noopener\">#Transformaci\u00f3nHumanista<\/a><\/p>\n\n\n\n<p><a href=\"https:\/\/www.facebook.com\/hashtag\/compromisoconelpueblo?__cft__[0]=AZb00jROd9rMIWAww2h6PJv2C6-hC7--GTWn7u8daqDr-eiynKFHJkBf-1BFVUy7CmvG02wcHJU6SdHbOu1dB9RAsZJyO9W6subOiivkUhIil7cU3ibIJIWAv6ELmRbdkQ2ZxRO8XXAmBH-ZP4MXuiXZojT4RHMgkbHpS4ef9mLy5Ju6DIPAgcMkDFxijOR81jw&amp;__tn__=*NK-R\" target=\"_blank\" rel=\"noopener\">#CompromisoConElPueblo<\/a><\/p>\n\n\n\n<p><a href=\"https:\/\/www.facebook.com\/hashtag\/nuevaera?__cft__[0]=AZb00jROd9rMIWAww2h6PJv2C6-hC7--GTWn7u8daqDr-eiynKFHJkBf-1BFVUy7CmvG02wcHJU6SdHbOu1dB9RAsZJyO9W6subOiivkUhIil7cU3ibIJIWAv6ELmRbdkQ2ZxRO8XXAmBH-ZP4MXuiXZojT4RHMgkbHpS4ef9mLy5Ju6DIPAgcMkDFxijOR81jw&amp;__tn__=*NK-R\" target=\"_blank\" rel=\"noopener\">#NuevaEra<\/a><\/p>\n\n\n\n<p><a href=\"https:\/\/www.facebook.com\/hashtag\/majinaguilar?__cft__[0]=AZb00jROd9rMIWAww2h6PJv2C6-hC7--GTWn7u8daqDr-eiynKFHJkBf-1BFVUy7CmvG02wcHJU6SdHbOu1dB9RAsZJyO9W6subOiivkUhIil7cU3ibIJIWAv6ELmRbdkQ2ZxRO8XXAmBH-ZP4MXuiXZojT4RHMgkbHpS4ef9mLy5Ju6DIPAgcMkDFxijOR81jw&amp;__tn__=*NK-R\" target=\"_blank\" rel=\"noopener\">#MajinAguilar<\/a><\/p>\n\n\n\n<p><a href=\"https:\/\/www.facebook.com\/hashtag\/presidente?__cft__[0]=AZb00jROd9rMIWAww2h6PJv2C6-hC7--GTWn7u8daqDr-eiynKFHJkBf-1BFVUy7CmvG02wcHJU6SdHbOu1dB9RAsZJyO9W6subOiivkUhIil7cU3ibIJIWAv6ELmRbdkQ2ZxRO8XXAmBH-ZP4MXuiXZojT4RHMgkbHpS4ef9mLy5Ju6DIPAgcMkDFxijOR81jw&amp;__tn__=*NK-R\" target=\"_blank\" rel=\"noopener\">#Presidente<\/a><\/p>\n","protected":false},"excerpt":{"rendered":"<p>El presidente municipal Majin Aguilar Utrilla, encabez\u00f3 un emotivo festival en el ejido Reforma y Planada, destacando la importancia de reconocer y fortalecer a la ni\u00f1ez como pilar fundamental del presente y futuro del municipio. El edil subray\u00f3 que su administraci\u00f3n mantiene un compromiso firme con las ni\u00f1as y los ni\u00f1os, impulsando acciones que promueven [&hellip;]<\/p>\n","protected":false},"author":1,"featured_media":141319,"comment_status":"closed","ping_status":"closed","sticky":false,"template":"","format":"standard","meta":{"footnotes":""},"categories":[1],"tags":[],"class_list":["post-141286","post","type-post","status-publish","format-standard","has-post-thumbnail","hentry","category-general"],"_links":{"self":[{"href":"https:\/\/elobservadorzonanorte.com.mx\/index.php?rest_route=\/wp\/v2\/posts\/141286","targetHints":{"allow":["GET"]}}],"collection":[{"href":"https:\/\/elobservadorzonanorte.com.mx\/index.php?rest_route=\/wp\/v2\/posts"}],"about":[{"href":"https:\/\/elobservadorzonanorte.com.mx\/index.php?rest_route=\/wp\/v2\/types\/post"}],"author":[{"embeddable":true,"href":"https:\/\/elobservadorzonanorte.com.mx\/index.php?rest_route=\/wp\/v2\/users\/1"}],"replies":[{"embeddable":true,"href":"https:\/\/elobservadorzonanorte.com.mx\/index.php?rest_route=%2Fwp%2Fv2%2Fcomments&post=141286"}],"version-history":[{"count":1,"href":"https:\/\/elobservadorzonanorte.com.mx\/index.php?rest_route=\/wp\/v2\/posts\/141286\/revisions"}],"predecessor-version":[{"id":141371,"href":"https:\/\/elobservadorzonanorte.com.mx\/index.php?rest_route=\/wp\/v2\/posts\/141286\/revisions\/141371"}],"wp:featuredmedia":[{"embeddable":true,"href":"https:\/\/elobservadorzonanorte.com.mx\/index.php?rest_route=\/wp\/v2\/media\/141319"}],"wp:attachment":[{"href":"https:\/\/elobservadorzonanorte.com.mx\/index.php?rest_route=%2Fwp%2Fv2%2Fmedia&parent=141286"}],"wp:term":[{"taxonomy":"category","embeddable":true,"href":"https:\/\/elobservadorzonanorte.com.mx\/index.php?rest_route=%2Fwp%2Fv2%2Fcategories&post=141286"},{"taxonomy":"post_tag","embeddable":true,"href":"https:\/\/elobservadorzonanorte.com.mx\/index.php?rest_route=%2Fwp%2Fv2%2Ftags&post=141286"}],"curies":[{"name":"wp","href":"https:\/\/api.w.org\/{rel}","templated":true}]}}