{"id":141285,"date":"2026-04-29T04:22:05","date_gmt":"2026-04-29T04:22:05","guid":{"rendered":"https:\/\/elobservadorzonanorte.com.mx\/?p=141285"},"modified":"2026-04-29T04:22:06","modified_gmt":"2026-04-29T04:22:06","slug":"la-gran-feria-de-ostuacan-se-viste-de-gala-para-recibir-a-uno-de-los-mas-grandes-del-regional","status":"publish","type":"post","link":"https:\/\/elobservadorzonanorte.com.mx\/?p=141285","title":{"rendered":"La Gran Feria de Ostuac\u00e1n se viste de gala para recibir a uno de los m\u00e1s grandes del regional\u2026"},"content":{"rendered":"<p><iframe loading=\"lazy\" src=\"https:\/\/www.facebook.com\/plugins\/video.php?height=476&#038;href=https%3A%2F%2Fwww.facebook.com%2Freel%2F1502332285008530%2F&#038;show_text=false&#038;width=308&#038;t=0\" width=\"308\" height=\"476\" style=\"border:none;overflow:hidden\" scrolling=\"no\" frameborder=\"0\" allowfullscreen=\"true\" allow=\"autoplay; clipboard-write; encrypted-media; picture-in-picture; web-share\" allowFullScreen=\"true\"><\/iframe><\/p>\n\n\n\n<p><img decoding=\"async\" height=\"16\" width=\"16\" alt=\"\ud83c\udfba\" src=\"https:\/\/static.xx.fbcdn.net\/images\/emoji.php\/v9\/tca\/1\/16\/1f3ba.png\"><img decoding=\"async\" height=\"16\" width=\"16\" alt=\"\u2728\" src=\"https:\/\/static.xx.fbcdn.net\/images\/emoji.php\/v9\/tf4\/1\/16\/2728.png\"> \u00a1Llega El Yaki con todo su power y sus \u00e9xitos! <img decoding=\"async\" height=\"16\" width=\"16\" alt=\"\u2728\" src=\"https:\/\/static.xx.fbcdn.net\/images\/emoji.php\/v9\/tf4\/1\/16\/2728.png\"><img decoding=\"async\" height=\"16\" width=\"16\" alt=\"\ud83c\udfba\" src=\"https:\/\/static.xx.fbcdn.net\/images\/emoji.php\/v9\/tca\/1\/16\/1f3ba.png\"><\/p>\n\n\n\n<p>Prep\u00e1rate para una noche llena de ambiente, m\u00fasica y pura buena vibra que no te puedes perder <img decoding=\"async\" height=\"16\" width=\"16\" alt=\"\ud83d\udc83\" src=\"https:\/\/static.xx.fbcdn.net\/images\/emoji.php\/v9\/tc7\/1\/16\/1f483.png\"><img decoding=\"async\" height=\"16\" width=\"16\" alt=\"\ud83d\udd7a\" src=\"https:\/\/static.xx.fbcdn.net\/images\/emoji.php\/v9\/t97\/1\/16\/1f57a.png\"><\/p>\n\n\n\n<p>Claro donde m\u00e1s, a trav\u00e9s de la mejor compa\u00f1\u00eda audiovisual <a href=\"https:\/\/www.facebook.com\/profile.php?id=100027949375347&amp;__cft__[0]=AZbh_2DEaTn7vUyb-WpHqUKgrp0YBtuHZ75zaEQQrEqv4iCFZNZXsHFWJnyah1X5XgIxnjaG5Qeog5vY45UBtfAHxLv0NIb7TkEmDJ-jd9AiToGiKz_xP63VfMlLyPYzhrCwtuXBWSytKdLOmmAZ6v0J4VN-wabJdXc4ynV-CZYlj2Fm98qznCOO3MvjWmZ5W7USKjUWAUGVWbTjpy58cyrj&amp;__tn__=-]K-R\" target=\"_blank\" rel=\"noopener\">Palnes Company<\/a><\/p>\n\n\n\n<p><img decoding=\"async\" height=\"16\" width=\"16\" alt=\"\ud83d\udccd\" src=\"https:\/\/static.xx.fbcdn.net\/images\/emoji.php\/v9\/t2d\/1\/16\/1f4cd.png\"> Ostuac\u00e1n, Chiapas<\/p>\n\n\n\n<p><img decoding=\"async\" height=\"16\" width=\"16\" alt=\"\ud83c\udfa1\" src=\"https:\/\/static.xx.fbcdn.net\/images\/emoji.php\/v9\/tfb\/1\/16\/1f3a1.png\"> Gran Feria de Ostuac\u00e1n<\/p>\n\n\n\n<p><img decoding=\"async\" height=\"16\" width=\"16\" alt=\"\ud83c\udfb6\" src=\"https:\/\/static.xx.fbcdn.net\/images\/emoji.php\/v9\/t1f\/1\/16\/1f3b6.png\"> \u00a1Totalmente en vivo!<\/p>\n\n\n\n<p><a href=\"https:\/\/www.facebook.com\/watch\/hashtag\/elyaki\/?__cft__[0]=AZbh_2DEaTn7vUyb-WpHqUKgrp0YBtuHZ75zaEQQrEqv4iCFZNZXsHFWJnyah1X5XgIxnjaG5Qeog5vY45UBtfAHxLv0NIb7TkEmDJ-jd9AiToGiKz_xP63VfMlLyPYzhrCwtuXBWSytKdLOmmAZ6v0J4VN-wabJdXc4ynV-CZYlj2Fm98qznCOO3MvjWmZ5W7USKjUWAUGVWbTjpy58cyrj&amp;__tn__=*NK-R\" target=\"_blank\" rel=\"noopener\">#ElYaki<\/a><a href=\"https:\/\/www.facebook.com\/watch\/hashtag\/feriadeostuac%C3%A1n\/?__cft__[0]=AZbh_2DEaTn7vUyb-WpHqUKgrp0YBtuHZ75zaEQQrEqv4iCFZNZXsHFWJnyah1X5XgIxnjaG5Qeog5vY45UBtfAHxLv0NIb7TkEmDJ-jd9AiToGiKz_xP63VfMlLyPYzhrCwtuXBWSytKdLOmmAZ6v0J4VN-wabJdXc4ynV-CZYlj2Fm98qznCOO3MvjWmZ5W7USKjUWAUGVWbTjpy58cyrj&amp;__tn__=*NK-R\" target=\"_blank\" rel=\"noopener\">#FeriaDeOstuac\u00e1n<\/a><\/p>\n\n\n\n<p><a href=\"https:\/\/www.facebook.com\/nestor.cruz.5458498?__cft__[0]=AZbh_2DEaTn7vUyb-WpHqUKgrp0YBtuHZ75zaEQQrEqv4iCFZNZXsHFWJnyah1X5XgIxnjaG5Qeog5vY45UBtfAHxLv0NIb7TkEmDJ-jd9AiToGiKz_xP63VfMlLyPYzhrCwtuXBWSytKdLOmmAZ6v0J4VN-wabJdXc4ynV-CZYlj2Fm98qznCOO3MvjWmZ5W7USKjUWAUGVWbTjpy58cyrj&amp;__tn__=-]K-R\" target=\"_blank\" rel=\"noopener\">Nestor Daniel Cruz<\/a><\/p>\n\n\n\n<p><a href=\"https:\/\/www.facebook.com\/palnes.representaciones?__cft__[0]=AZbh_2DEaTn7vUyb-WpHqUKgrp0YBtuHZ75zaEQQrEqv4iCFZNZXsHFWJnyah1X5XgIxnjaG5Qeog5vY45UBtfAHxLv0NIb7TkEmDJ-jd9AiToGiKz_xP63VfMlLyPYzhrCwtuXBWSytKdLOmmAZ6v0J4VN-wabJdXc4ynV-CZYlj2Fm98qznCOO3MvjWmZ5W7USKjUWAUGVWbTjpy58cyrj&amp;__tn__=-]K-R\" target=\"_blank\" rel=\"noopener\">Ramiro Cruz<\/a><\/p>\n\n\n\n<figure class=\"wp-block-video\"><\/figure>\n","protected":false},"excerpt":{"rendered":"<p>\u00a1Llega El Yaki con todo su power y sus \u00e9xitos! Prep\u00e1rate para una noche llena de ambiente, m\u00fasica y pura buena vibra que no te puedes perder Claro donde m\u00e1s, a trav\u00e9s de la mejor compa\u00f1\u00eda audiovisual Palnes Company Ostuac\u00e1n, Chiapas Gran Feria de Ostuac\u00e1n \u00a1Totalmente en vivo! #ElYaki#FeriaDeOstuac\u00e1n Nestor Daniel Cruz Ramiro Cruz<\/p>\n","protected":false},"author":1,"featured_media":0,"comment_status":"closed","ping_status":"closed","sticky":false,"template":"","format":"standard","meta":{"footnotes":""},"categories":[1],"tags":[],"class_list":["post-141285","post","type-post","status-publish","format-standard","hentry","category-general"],"_links":{"self":[{"href":"https:\/\/elobservadorzonanorte.com.mx\/index.php?rest_route=\/wp\/v2\/posts\/141285","targetHints":{"allow":["GET"]}}],"collection":[{"href":"https:\/\/elobservadorzonanorte.com.mx\/index.php?rest_route=\/wp\/v2\/posts"}],"about":[{"href":"https:\/\/elobservadorzonanorte.com.mx\/index.php?rest_route=\/wp\/v2\/types\/post"}],"author":[{"embeddable":true,"href":"https:\/\/elobservadorzonanorte.com.mx\/index.php?rest_route=\/wp\/v2\/users\/1"}],"replies":[{"embeddable":true,"href":"https:\/\/elobservadorzonanorte.com.mx\/index.php?rest_route=%2Fwp%2Fv2%2Fcomments&post=141285"}],"version-history":[{"count":1,"href":"https:\/\/elobservadorzonanorte.com.mx\/index.php?rest_route=\/wp\/v2\/posts\/141285\/revisions"}],"predecessor-version":[{"id":141374,"href":"https:\/\/elobservadorzonanorte.com.mx\/index.php?rest_route=\/wp\/v2\/posts\/141285\/revisions\/141374"}],"wp:attachment":[{"href":"https:\/\/elobservadorzonanorte.com.mx\/index.php?rest_route=%2Fwp%2Fv2%2Fmedia&parent=141285"}],"wp:term":[{"taxonomy":"category","embeddable":true,"href":"https:\/\/elobservadorzonanorte.com.mx\/index.php?rest_route=%2Fwp%2Fv2%2Fcategories&post=141285"},{"taxonomy":"post_tag","embeddable":true,"href":"https:\/\/elobservadorzonanorte.com.mx\/index.php?rest_route=%2Fwp%2Fv2%2Ftags&post=141285"}],"curies":[{"name":"wp","href":"https:\/\/api.w.org\/{rel}","templated":true}]}}