{"id":141281,"date":"2026-04-29T04:21:44","date_gmt":"2026-04-29T04:21:44","guid":{"rendered":"https:\/\/elobservadorzonanorte.com.mx\/?p=141281"},"modified":"2026-04-29T04:21:45","modified_gmt":"2026-04-29T04:21:45","slug":"la-secretaria-general-de-gobierno-y-mediacion-dulce-rodriguez-ovando-participo-junto-al-gobernador-eduardo-ramirez-en-la-mesa-de-paz-chiapas-realizada-en-el-marco-del-201-aniversario-de-la-instalac","status":"publish","type":"post","link":"https:\/\/elobservadorzonanorte.com.mx\/?p=141281","title":{"rendered":"La secretaria general de Gobierno y Mediaci\u00f3n, Dulce Rodr\u00edguez Ovando, particip\u00f3 junto al gobernador Eduardo Ram\u00edrez en la Mesa de Paz Chiapas, realizada en el marco del 201 aniversario de la instalaci\u00f3n del Poder Judicial del Estado."},"content":{"rendered":"\n<figure class=\"wp-block-image size-full\"><img decoding=\"async\" width=\"590\" height=\"394\" src=\"https:\/\/elobservadorzonanorte.com.mx\/wp-content\/uploads\/2026\/04\/imagen-15-161.jpg\" alt=\"\" class=\"wp-image-141317\" srcset=\"https:\/\/elobservadorzonanorte.com.mx\/wp-content\/uploads\/2026\/04\/imagen-15-161.jpg 590w, https:\/\/elobservadorzonanorte.com.mx\/wp-content\/uploads\/2026\/04\/imagen-15-161-300x200.jpg 300w\" sizes=\"(max-width: 590px) 100vw, 590px\" \/><\/figure>\n\n\n\n<figure class=\"wp-block-image size-full\"><img decoding=\"async\" width=\"590\" height=\"394\" src=\"https:\/\/elobservadorzonanorte.com.mx\/wp-content\/uploads\/2026\/04\/imagen-15-162.jpg\" alt=\"\" class=\"wp-image-141318\" srcset=\"https:\/\/elobservadorzonanorte.com.mx\/wp-content\/uploads\/2026\/04\/imagen-15-162.jpg 590w, https:\/\/elobservadorzonanorte.com.mx\/wp-content\/uploads\/2026\/04\/imagen-15-162-300x200.jpg 300w\" sizes=\"(max-width: 590px) 100vw, 590px\" \/><\/figure>\n\n\n\n<p>Desde este espacio se reafirm\u00f3 el trabajo coordinado entre instituciones para garantizar la paz, la justicia y el bienestar de las y los chiapanecos, fortaleciendo el Estado de derecho a trav\u00e9s de la unidad y la colaboraci\u00f3n.<\/p>\n\n\n\n<p><a href=\"https:\/\/www.facebook.com\/hashtag\/humanismoquetransforma?__cft__[0]=AZYfAaj8BeIMT2yIJnvl5d4_dVc7IN6YzK5xPhY6dFIveVLNYDsqoqtoV97SucSuWMR9TGqLY28sp3MFKuGjmrd__nk0ztldFqU-p2YkJZvodKGyOqTieDf2Tca-HM1ENjG0Kz5dRH8YATxiFWhenOJtz0Wqa8arhAN36B8930FtxBK3qLBvB8J9Ew8QGfoBBoc&amp;__tn__=*NK-R\" target=\"_blank\" rel=\"noopener\">#HumanismoQueTransforma<\/a><\/p>\n\n\n\n<p><a href=\"https:\/\/www.facebook.com\/hashtag\/prosperidadcompartida?__cft__[0]=AZYfAaj8BeIMT2yIJnvl5d4_dVc7IN6YzK5xPhY6dFIveVLNYDsqoqtoV97SucSuWMR9TGqLY28sp3MFKuGjmrd__nk0ztldFqU-p2YkJZvodKGyOqTieDf2Tca-HM1ENjG0Kz5dRH8YATxiFWhenOJtz0Wqa8arhAN36B8930FtxBK3qLBvB8J9Ew8QGfoBBoc&amp;__tn__=*NK-R\" target=\"_blank\" rel=\"noopener\">#ProsperidadCompartida<\/a><\/p>\n","protected":false},"excerpt":{"rendered":"<p>Desde este espacio se reafirm\u00f3 el trabajo coordinado entre instituciones para garantizar la paz, la justicia y el bienestar de las y los chiapanecos, fortaleciendo el Estado de derecho a trav\u00e9s de la unidad y la colaboraci\u00f3n. #HumanismoQueTransforma #ProsperidadCompartida<\/p>\n","protected":false},"author":1,"featured_media":141318,"comment_status":"closed","ping_status":"closed","sticky":false,"template":"","format":"standard","meta":{"footnotes":""},"categories":[1],"tags":[],"class_list":["post-141281","post","type-post","status-publish","format-standard","has-post-thumbnail","hentry","category-general"],"_links":{"self":[{"href":"https:\/\/elobservadorzonanorte.com.mx\/index.php?rest_route=\/wp\/v2\/posts\/141281","targetHints":{"allow":["GET"]}}],"collection":[{"href":"https:\/\/elobservadorzonanorte.com.mx\/index.php?rest_route=\/wp\/v2\/posts"}],"about":[{"href":"https:\/\/elobservadorzonanorte.com.mx\/index.php?rest_route=\/wp\/v2\/types\/post"}],"author":[{"embeddable":true,"href":"https:\/\/elobservadorzonanorte.com.mx\/index.php?rest_route=\/wp\/v2\/users\/1"}],"replies":[{"embeddable":true,"href":"https:\/\/elobservadorzonanorte.com.mx\/index.php?rest_route=%2Fwp%2Fv2%2Fcomments&post=141281"}],"version-history":[{"count":1,"href":"https:\/\/elobservadorzonanorte.com.mx\/index.php?rest_route=\/wp\/v2\/posts\/141281\/revisions"}],"predecessor-version":[{"id":141370,"href":"https:\/\/elobservadorzonanorte.com.mx\/index.php?rest_route=\/wp\/v2\/posts\/141281\/revisions\/141370"}],"wp:featuredmedia":[{"embeddable":true,"href":"https:\/\/elobservadorzonanorte.com.mx\/index.php?rest_route=\/wp\/v2\/media\/141318"}],"wp:attachment":[{"href":"https:\/\/elobservadorzonanorte.com.mx\/index.php?rest_route=%2Fwp%2Fv2%2Fmedia&parent=141281"}],"wp:term":[{"taxonomy":"category","embeddable":true,"href":"https:\/\/elobservadorzonanorte.com.mx\/index.php?rest_route=%2Fwp%2Fv2%2Fcategories&post=141281"},{"taxonomy":"post_tag","embeddable":true,"href":"https:\/\/elobservadorzonanorte.com.mx\/index.php?rest_route=%2Fwp%2Fv2%2Ftags&post=141281"}],"curies":[{"name":"wp","href":"https:\/\/api.w.org\/{rel}","templated":true}]}}