{"id":141276,"date":"2026-04-29T04:20:57","date_gmt":"2026-04-29T04:20:57","guid":{"rendered":"https:\/\/elobservadorzonanorte.com.mx\/?p=141276"},"modified":"2026-04-29T04:20:59","modified_gmt":"2026-04-29T04:20:59","slug":"el-sistema-dif-municipal-de-juarez-chiapas-que-preside-la-c-p-sonia-calcaneo-montellano-tuvo-el-honor-de-acompanar-como-madrina-a-los-alumnos-del-sexto-semestre-grupo-c-del-cobach","status":"publish","type":"post","link":"https:\/\/elobservadorzonanorte.com.mx\/?p=141276","title":{"rendered":"El Sistema DIF Municipal de Ju\u00e1rez, Chiapas, que preside la C.P. Sonia Calcaneo Montellano tuvo el honor de acompa\u00f1ar como madrina a los alumnos del sexto semestre grupo \u201cC\u201d del COBACH 42, la mayor casa de estudios de nuestro municipio, en su \u00faltimo homenaje ."},"content":{"rendered":"\n<figure class=\"wp-block-image size-full\"><img decoding=\"async\" width=\"590\" height=\"332\" src=\"https:\/\/elobservadorzonanorte.com.mx\/wp-content\/uploads\/2026\/04\/imagen-15-154.jpg\" alt=\"\" class=\"wp-image-141310\" srcset=\"https:\/\/elobservadorzonanorte.com.mx\/wp-content\/uploads\/2026\/04\/imagen-15-154.jpg 590w, https:\/\/elobservadorzonanorte.com.mx\/wp-content\/uploads\/2026\/04\/imagen-15-154-300x169.jpg 300w\" sizes=\"(max-width: 590px) 100vw, 590px\" \/><\/figure>\n\n\n\n<figure class=\"wp-block-image size-full\"><img decoding=\"async\" width=\"590\" height=\"332\" src=\"https:\/\/elobservadorzonanorte.com.mx\/wp-content\/uploads\/2026\/04\/imagen-15-155.jpg\" alt=\"\" class=\"wp-image-141311\" srcset=\"https:\/\/elobservadorzonanorte.com.mx\/wp-content\/uploads\/2026\/04\/imagen-15-155.jpg 590w, https:\/\/elobservadorzonanorte.com.mx\/wp-content\/uploads\/2026\/04\/imagen-15-155-300x169.jpg 300w\" sizes=\"(max-width: 590px) 100vw, 590px\" \/><\/figure>\n\n\n\n<p>En un acto lleno de emotividad, orgullo y esperanza, nuestra presidenta reconoci\u00f3 el esfuerzo, la dedicaci\u00f3n y los sue\u00f1os de las y los j\u00f3venes que hoy culminan una etapa fundamental en su formaci\u00f3n. Con un mensaje c\u00e1lido y humanista, les motiv\u00f3 a seguir adelante con determinaci\u00f3n, valores y compromiso hacia un mejor futuro <img decoding=\"async\" height=\"16\" width=\"16\" src=\"https:\/\/static.xx.fbcdn.net\/images\/emoji.php\/v9\/tf4\/1\/16\/2728.png\" alt=\"\u2728\">.<\/p>\n\n\n\n<p>Desde el DIF Municipal, refrendamos nuestro compromiso de seguir impulsando acciones que fortalezcan a la juventud y fomenten su desarrollo integral <img decoding=\"async\" height=\"16\" width=\"16\" alt=\"\ud83d\udc9a\" src=\"https:\/\/static.xx.fbcdn.net\/images\/emoji.php\/v9\/t94\/1\/16\/1f49a.png\">.<\/p>\n\n\n\n<p><a href=\"https:\/\/www.facebook.com\/hashtag\/siemprecontigo?__cft__[0]=AZbDdavRW1gv9JA_ORtCQNDhOWHHcerN_WrM6LMc1dDKBbseXVjo2FAN292L8WEerWG_8mSUczQeTgUxBSZqgFoIbDvdFvyP08H5rmyTZnKNbe28xvQdYYqy2NeaJmcO_uiGgLsGxac5w2uRDaeOipeuPs5ZTrc1uedrwgn2U5A75oHKFlhDXnyH8tWR4PgTRlA&amp;__tn__=*NK-R\" target=\"_blank\" rel=\"noopener\">#SiempreContigo<\/a><\/p>\n\n\n\n<p><a href=\"https:\/\/www.facebook.com\/hashtag\/sigamoshaciendolojuntos?__cft__[0]=AZbDdavRW1gv9JA_ORtCQNDhOWHHcerN_WrM6LMc1dDKBbseXVjo2FAN292L8WEerWG_8mSUczQeTgUxBSZqgFoIbDvdFvyP08H5rmyTZnKNbe28xvQdYYqy2NeaJmcO_uiGgLsGxac5w2uRDaeOipeuPs5ZTrc1uedrwgn2U5A75oHKFlhDXnyH8tWR4PgTRlA&amp;__tn__=*NK-R\" target=\"_blank\" rel=\"noopener\">#SigamosHaciendoloJuntos<\/a><\/p>\n\n\n\n<p><a href=\"https:\/\/www.facebook.com\/hashtag\/humanismoquetransforma?__cft__[0]=AZbDdavRW1gv9JA_ORtCQNDhOWHHcerN_WrM6LMc1dDKBbseXVjo2FAN292L8WEerWG_8mSUczQeTgUxBSZqgFoIbDvdFvyP08H5rmyTZnKNbe28xvQdYYqy2NeaJmcO_uiGgLsGxac5w2uRDaeOipeuPs5ZTrc1uedrwgn2U5A75oHKFlhDXnyH8tWR4PgTRlA&amp;__tn__=*NK-R\" target=\"_blank\" rel=\"noopener\">#HumanismoQueTransforma<\/a><\/p>\n","protected":false},"excerpt":{"rendered":"<p>En un acto lleno de emotividad, orgullo y esperanza, nuestra presidenta reconoci\u00f3 el esfuerzo, la dedicaci\u00f3n y los sue\u00f1os de las y los j\u00f3venes que hoy culminan una etapa fundamental en su formaci\u00f3n. Con un mensaje c\u00e1lido y humanista, les motiv\u00f3 a seguir adelante con determinaci\u00f3n, valores y compromiso hacia un mejor futuro . Desde [&hellip;]<\/p>\n","protected":false},"author":1,"featured_media":141311,"comment_status":"closed","ping_status":"closed","sticky":false,"template":"","format":"standard","meta":{"footnotes":""},"categories":[1],"tags":[],"class_list":["post-141276","post","type-post","status-publish","format-standard","has-post-thumbnail","hentry","category-general"],"_links":{"self":[{"href":"https:\/\/elobservadorzonanorte.com.mx\/index.php?rest_route=\/wp\/v2\/posts\/141276","targetHints":{"allow":["GET"]}}],"collection":[{"href":"https:\/\/elobservadorzonanorte.com.mx\/index.php?rest_route=\/wp\/v2\/posts"}],"about":[{"href":"https:\/\/elobservadorzonanorte.com.mx\/index.php?rest_route=\/wp\/v2\/types\/post"}],"author":[{"embeddable":true,"href":"https:\/\/elobservadorzonanorte.com.mx\/index.php?rest_route=\/wp\/v2\/users\/1"}],"replies":[{"embeddable":true,"href":"https:\/\/elobservadorzonanorte.com.mx\/index.php?rest_route=%2Fwp%2Fv2%2Fcomments&post=141276"}],"version-history":[{"count":1,"href":"https:\/\/elobservadorzonanorte.com.mx\/index.php?rest_route=\/wp\/v2\/posts\/141276\/revisions"}],"predecessor-version":[{"id":141363,"href":"https:\/\/elobservadorzonanorte.com.mx\/index.php?rest_route=\/wp\/v2\/posts\/141276\/revisions\/141363"}],"wp:featuredmedia":[{"embeddable":true,"href":"https:\/\/elobservadorzonanorte.com.mx\/index.php?rest_route=\/wp\/v2\/media\/141311"}],"wp:attachment":[{"href":"https:\/\/elobservadorzonanorte.com.mx\/index.php?rest_route=%2Fwp%2Fv2%2Fmedia&parent=141276"}],"wp:term":[{"taxonomy":"category","embeddable":true,"href":"https:\/\/elobservadorzonanorte.com.mx\/index.php?rest_route=%2Fwp%2Fv2%2Fcategories&post=141276"},{"taxonomy":"post_tag","embeddable":true,"href":"https:\/\/elobservadorzonanorte.com.mx\/index.php?rest_route=%2Fwp%2Fv2%2Ftags&post=141276"}],"curies":[{"name":"wp","href":"https:\/\/api.w.org\/{rel}","templated":true}]}}