{"id":141272,"date":"2026-04-29T04:20:39","date_gmt":"2026-04-29T04:20:39","guid":{"rendered":"https:\/\/elobservadorzonanorte.com.mx\/?p=141272"},"modified":"2026-04-29T04:20:46","modified_gmt":"2026-04-29T04:20:46","slug":"realizan-circulo-de-lectura-en-el-marco-del-dia-del-libro-para-fomentar-el-habito-de-la-lectura-en-estudiantes","status":"publish","type":"post","link":"https:\/\/elobservadorzonanorte.com.mx\/?p=141272","title":{"rendered":"REALIZAN C\u00cdRCULO DE LECTURA EN EL MARCO DEL D\u00cdA DEL LIBRO PARA FOMENTAR EL H\u00c1BITO DE LA LECTURA EN ESTUDIANTES"},"content":{"rendered":"\n<figure class=\"wp-block-image size-large\"><img decoding=\"async\" width=\"600\" height=\"400\" src=\"https:\/\/elobservadorzonanorte.com.mx\/wp-content\/uploads\/2026\/04\/imagen-15-153-600x400.jpg\" alt=\"\" class=\"wp-image-141309\" srcset=\"https:\/\/elobservadorzonanorte.com.mx\/wp-content\/uploads\/2026\/04\/imagen-15-153-600x400.jpg 600w, https:\/\/elobservadorzonanorte.com.mx\/wp-content\/uploads\/2026\/04\/imagen-15-153-300x200.jpg 300w, https:\/\/elobservadorzonanorte.com.mx\/wp-content\/uploads\/2026\/04\/imagen-15-153-768x512.jpg 768w, https:\/\/elobservadorzonanorte.com.mx\/wp-content\/uploads\/2026\/04\/imagen-15-153.jpg 810w\" sizes=\"(max-width: 600px) 100vw, 600px\" \/><\/figure>\n\n\n\n<p>En el marco de la conmemoraci\u00f3n del D\u00eda del Libro, el Gobierno Municipal que preside Oscar Serra Cantoral, a trav\u00e9s de la Direcci\u00f3n de Bibliotecas P\u00fablicas, llev\u00f3 a cabo un C\u00edrculo de Lectura en las instalaciones de la Biblioteca P\u00fablica, con la participaci\u00f3n de alumnos del Colegio Vicente Guerrero, con el prop\u00f3sito de promover el h\u00e1bito de la lectura y fortalecer la formaci\u00f3n educativa de la ni\u00f1ez y juventud.<\/p>\n\n\n\n<p>En representaci\u00f3n del presidente municipal, estuvo presente el Regidor Carlos Augusto Morales Ch\u00e1vez, quien destac\u00f3 la importancia de impulsar actividades culturales que contribuyan al desarrollo integral de los estudiantes y al fortalecimiento de los valores educativos en la comunidad.<\/p>\n\n\n\n<p>Durante esta actividad tambi\u00e9n se cont\u00f3 con la presencia de la s\u00edndica municipal, Felisa Soberano Zenteno y de la regidora Maygualida Romero Guichard, quien acompa\u00f1\u00f3 a las autoridades educativas y municipales en este significativo evento que permiti\u00f3 a los alumnos interactuar, compartir ideas y disfrutar de la lectura en un ambiente de aprendizaje y convivencia.<\/p>\n\n\n\n<p>Con estas acciones, el Gobierno Municipal reafirma su compromiso de seguir impulsando programas y actividades que fomenten la educaci\u00f3n, la cultura y el desarrollo de habilidades lectoras entre la poblaci\u00f3n estudiantil.<\/p>\n\n\n\n<p><a href=\"https:\/\/www.facebook.com\/hashtag\/siemprecontigo?__cft__[0]=AZamk0P3QbgPF0SvJNaPEsYDkJ3LKKngeOkwNgcH4HHMnmJiQJOKSzsMNCv_oa12_3cXyW3Y6pOazQuuMVarup53qKaOtc_cI4SBTlqO8w9IZVVSTkSIL1XBxhqy111vXcAm6M9605ZkfNUq9SdPFMTPEEzlyWzIH5eyeBZV-sojuvA_-OPLO3ZBHHwXMAJLRYQ&amp;__tn__=*NK-R\" target=\"_blank\" rel=\"noopener\">#SiempreContigo<\/a><\/p>\n\n\n\n<p><a href=\"https:\/\/www.facebook.com\/hashtag\/sigamoshaciendolojuntos?__cft__[0]=AZamk0P3QbgPF0SvJNaPEsYDkJ3LKKngeOkwNgcH4HHMnmJiQJOKSzsMNCv_oa12_3cXyW3Y6pOazQuuMVarup53qKaOtc_cI4SBTlqO8w9IZVVSTkSIL1XBxhqy111vXcAm6M9605ZkfNUq9SdPFMTPEEzlyWzIH5eyeBZV-sojuvA_-OPLO3ZBHHwXMAJLRYQ&amp;__tn__=*NK-R\" target=\"_blank\" rel=\"noopener\">#SigamosHaciendoloJuntos<\/a><\/p>\n\n\n\n<p><a href=\"https:\/\/www.facebook.com\/hashtag\/humanismoquetransforma?__cft__[0]=AZamk0P3QbgPF0SvJNaPEsYDkJ3LKKngeOkwNgcH4HHMnmJiQJOKSzsMNCv_oa12_3cXyW3Y6pOazQuuMVarup53qKaOtc_cI4SBTlqO8w9IZVVSTkSIL1XBxhqy111vXcAm6M9605ZkfNUq9SdPFMTPEEzlyWzIH5eyeBZV-sojuvA_-OPLO3ZBHHwXMAJLRYQ&amp;__tn__=*NK-R\" target=\"_blank\" rel=\"noopener\">#HumanismoQueTransforma<\/a><\/p>\n","protected":false},"excerpt":{"rendered":"<p>En el marco de la conmemoraci\u00f3n del D\u00eda del Libro, el Gobierno Municipal que preside Oscar Serra Cantoral, a trav\u00e9s de la Direcci\u00f3n de Bibliotecas P\u00fablicas, llev\u00f3 a cabo un C\u00edrculo de Lectura en las instalaciones de la Biblioteca P\u00fablica, con la participaci\u00f3n de alumnos del Colegio Vicente Guerrero, con el prop\u00f3sito de promover el [&hellip;]<\/p>\n","protected":false},"author":1,"featured_media":141309,"comment_status":"closed","ping_status":"closed","sticky":false,"template":"","format":"standard","meta":{"footnotes":""},"categories":[1],"tags":[],"class_list":["post-141272","post","type-post","status-publish","format-standard","has-post-thumbnail","hentry","category-general"],"_links":{"self":[{"href":"https:\/\/elobservadorzonanorte.com.mx\/index.php?rest_route=\/wp\/v2\/posts\/141272","targetHints":{"allow":["GET"]}}],"collection":[{"href":"https:\/\/elobservadorzonanorte.com.mx\/index.php?rest_route=\/wp\/v2\/posts"}],"about":[{"href":"https:\/\/elobservadorzonanorte.com.mx\/index.php?rest_route=\/wp\/v2\/types\/post"}],"author":[{"embeddable":true,"href":"https:\/\/elobservadorzonanorte.com.mx\/index.php?rest_route=\/wp\/v2\/users\/1"}],"replies":[{"embeddable":true,"href":"https:\/\/elobservadorzonanorte.com.mx\/index.php?rest_route=%2Fwp%2Fv2%2Fcomments&post=141272"}],"version-history":[{"count":1,"href":"https:\/\/elobservadorzonanorte.com.mx\/index.php?rest_route=\/wp\/v2\/posts\/141272\/revisions"}],"predecessor-version":[{"id":141359,"href":"https:\/\/elobservadorzonanorte.com.mx\/index.php?rest_route=\/wp\/v2\/posts\/141272\/revisions\/141359"}],"wp:featuredmedia":[{"embeddable":true,"href":"https:\/\/elobservadorzonanorte.com.mx\/index.php?rest_route=\/wp\/v2\/media\/141309"}],"wp:attachment":[{"href":"https:\/\/elobservadorzonanorte.com.mx\/index.php?rest_route=%2Fwp%2Fv2%2Fmedia&parent=141272"}],"wp:term":[{"taxonomy":"category","embeddable":true,"href":"https:\/\/elobservadorzonanorte.com.mx\/index.php?rest_route=%2Fwp%2Fv2%2Fcategories&post=141272"},{"taxonomy":"post_tag","embeddable":true,"href":"https:\/\/elobservadorzonanorte.com.mx\/index.php?rest_route=%2Fwp%2Fv2%2Ftags&post=141272"}],"curies":[{"name":"wp","href":"https:\/\/api.w.org\/{rel}","templated":true}]}}