{"id":141218,"date":"2026-04-28T05:52:08","date_gmt":"2026-04-28T05:52:08","guid":{"rendered":"https:\/\/elobservadorzonanorte.com.mx\/?p=141218"},"modified":"2026-04-28T05:52:09","modified_gmt":"2026-04-28T05:52:09","slug":"haz-escuchar-tu-voz-participa-en-el-foro-estatal-de-la-nueva-escuela-mexicana","status":"publish","type":"post","link":"https:\/\/elobservadorzonanorte.com.mx\/?p=141218","title":{"rendered":"Haz escuchar tu voz: participa en el Foro Estatal de la Nueva Escuela Mexicana"},"content":{"rendered":"\n<figure class=\"wp-block-image size-large\"><img decoding=\"async\" width=\"450\" height=\"600\" src=\"https:\/\/elobservadorzonanorte.com.mx\/wp-content\/uploads\/2026\/04\/imagen-15-149-450x600.jpg\" alt=\"\" class=\"wp-image-141224\" srcset=\"https:\/\/elobservadorzonanorte.com.mx\/wp-content\/uploads\/2026\/04\/imagen-15-149-450x600.jpg 450w, https:\/\/elobservadorzonanorte.com.mx\/wp-content\/uploads\/2026\/04\/imagen-15-149-225x300.jpg 225w, https:\/\/elobservadorzonanorte.com.mx\/wp-content\/uploads\/2026\/04\/imagen-15-149.jpg 526w\" sizes=\"(max-width: 450px) 100vw, 450px\" \/><\/figure>\n\n\n\n<p>\u2022\u200bContribuye con tu experiencia en la transformaci\u00f3n educativa de Chiapas<\/p>\n\n\n\n<p>En un ejercicio de reflexi\u00f3n colectiva que abre paso a nuevas miradas sobre la pr\u00e1ctica educativa, la Secretar\u00eda de Educaci\u00f3n (SE), encabezada por Roger Mandujano, invita a participar en el Foro Estatal: \u201cLa Nueva Escuela Mexicana a tres a\u00f1os: recuperaci\u00f3n, di\u00e1logo y construcci\u00f3n colectiva desde la experiencia\u201d.<\/p>\n\n\n\n<p>En el marco del Plan de Estudio para la educaci\u00f3n preescolar, primaria y secundaria, este encuentro impulsa la participaci\u00f3n activa y reconoce la riqueza de los territorios, contextos y realidades que conviven en los centros educativos de Chiapas.<\/p>\n\n\n\n<p>El objetivo es primordial construir, desde la experiencia, una visi\u00f3n compartida que fortalezca la siguiente etapa de consolidaci\u00f3n de la Nueva Escuela Mexicana (NEM).<\/p>\n\n\n\n<p>Con el sello intercultural que distingue a nuestro estado y en sinton\u00eda con la transformaci\u00f3n hacia un pensamiento descolonizado impulsado por el gobernador Eduardo Ram\u00edrez Aguilar, este espacio reunir\u00e1 saberes pedag\u00f3gicos que nacen de la pr\u00e1ctica docente en contextos urbanos, rurales, ind\u00edgenas, multigrado y de educaci\u00f3n especial.<\/p>\n\n\n\n<p>A trav\u00e9s de la convocatoria emitida por la Secretar\u00eda de Educaci\u00f3n P\u00fablica (SEP), se invita a docentes, especialistas, autoridades educativas y a todas las personas vinculadas al \u00e1mbito educativo a compartir experiencias, avances y desaf\u00edos en la implementaci\u00f3n de la NEM.<\/p>\n\n\n\n<p>Es momento de hacer escuchar tu voz y de transformar la educaci\u00f3n desde la experiencia. Lo que compartas hoy puede marcar el rumbo de lo que sigue.<\/p>\n\n\n\n<p>La convocatoria cierra el jueves 30 de abril. Consulta las bases y participa a trav\u00e9s del siguiente enlace: <a href=\"https:\/\/l.facebook.com\/l.php?u=https%3A%2F%2Fexperienciasnem.anuies.mx%2Fregistro%2Findex.php%3Ffbclid%3DIwZXh0bgNhZW0CMTAAYnJpZBExWldhMVhmRjRhRWtEMFVYd3NydGMGYXBwX2lkEDIyMjAzOTE3ODgyMDA4OTIAAR6trzSElxsvw0sS7_Dgda8SHgykbbqye51U48SP4eysTWiqaVROBrL7l4Gotg_aem_8sN_zsDVaGxwQD9PqHYSUA&amp;h=AT5ZJDZEVOOoHh-E63jfL8XqArIYrTBCzWLSgdPEPdrHc3l_4L53oI1k4UQE4NUJW8X8YdaQMjdd8xSxdZxN9PDbwu00G3xGeb4pJT47Zg5tU6Rt4TzJIWKxNb8C07OgiOwrC9UonGX02wgM&amp;__tn__=-UK-R&amp;c[0]=AT59FmWm0ewvswFoQ_2hig1_1OjaScQ5V61riF7zQFteW0zKViC-lLV0vWkh0rVz347Gl9THlqpN3-fmTd-HAsfa7YwZd1qlHXrURWC-bwJl64DoDmk_qZY2GVgse2PEbHDo3Vka_U4w0qpQGonn0OVEmKq0J_UO7tJpxAEpby0DoxS86SPEAasHt_-UafKRTBNKAh_T7khcKUqMEMItZC3E8g\" rel=\"noreferrer noopener\" target=\"_blank\">https:\/\/experienciasnem.anuies.mx\/registro\/index.php<\/a><\/p>\n","protected":false},"excerpt":{"rendered":"<p>\u2022\u200bContribuye con tu experiencia en la transformaci\u00f3n educativa de Chiapas En un ejercicio de reflexi\u00f3n colectiva que abre paso a nuevas miradas sobre la pr\u00e1ctica educativa, la Secretar\u00eda de Educaci\u00f3n (SE), encabezada por Roger Mandujano, invita a participar en el Foro Estatal: \u201cLa Nueva Escuela Mexicana a tres a\u00f1os: recuperaci\u00f3n, di\u00e1logo y construcci\u00f3n colectiva desde [&hellip;]<\/p>\n","protected":false},"author":1,"featured_media":141224,"comment_status":"closed","ping_status":"closed","sticky":false,"template":"","format":"standard","meta":{"footnotes":""},"categories":[1],"tags":[],"class_list":["post-141218","post","type-post","status-publish","format-standard","has-post-thumbnail","hentry","category-general"],"_links":{"self":[{"href":"https:\/\/elobservadorzonanorte.com.mx\/index.php?rest_route=\/wp\/v2\/posts\/141218","targetHints":{"allow":["GET"]}}],"collection":[{"href":"https:\/\/elobservadorzonanorte.com.mx\/index.php?rest_route=\/wp\/v2\/posts"}],"about":[{"href":"https:\/\/elobservadorzonanorte.com.mx\/index.php?rest_route=\/wp\/v2\/types\/post"}],"author":[{"embeddable":true,"href":"https:\/\/elobservadorzonanorte.com.mx\/index.php?rest_route=\/wp\/v2\/users\/1"}],"replies":[{"embeddable":true,"href":"https:\/\/elobservadorzonanorte.com.mx\/index.php?rest_route=%2Fwp%2Fv2%2Fcomments&post=141218"}],"version-history":[{"count":1,"href":"https:\/\/elobservadorzonanorte.com.mx\/index.php?rest_route=\/wp\/v2\/posts\/141218\/revisions"}],"predecessor-version":[{"id":141266,"href":"https:\/\/elobservadorzonanorte.com.mx\/index.php?rest_route=\/wp\/v2\/posts\/141218\/revisions\/141266"}],"wp:featuredmedia":[{"embeddable":true,"href":"https:\/\/elobservadorzonanorte.com.mx\/index.php?rest_route=\/wp\/v2\/media\/141224"}],"wp:attachment":[{"href":"https:\/\/elobservadorzonanorte.com.mx\/index.php?rest_route=%2Fwp%2Fv2%2Fmedia&parent=141218"}],"wp:term":[{"taxonomy":"category","embeddable":true,"href":"https:\/\/elobservadorzonanorte.com.mx\/index.php?rest_route=%2Fwp%2Fv2%2Fcategories&post=141218"},{"taxonomy":"post_tag","embeddable":true,"href":"https:\/\/elobservadorzonanorte.com.mx\/index.php?rest_route=%2Fwp%2Fv2%2Ftags&post=141218"}],"curies":[{"name":"wp","href":"https:\/\/api.w.org\/{rel}","templated":true}]}}