{"id":141217,"date":"2026-04-28T05:52:21","date_gmt":"2026-04-28T05:52:21","guid":{"rendered":"https:\/\/elobservadorzonanorte.com.mx\/?p=141217"},"modified":"2026-04-28T05:52:22","modified_gmt":"2026-04-28T05:52:22","slug":"impulsa-icatech-prosperidad-compartida-en-tila-y-chanal","status":"publish","type":"post","link":"https:\/\/elobservadorzonanorte.com.mx\/?p=141217","title":{"rendered":"Impulsa Icatech prosperidad compartida en Tila y Chanal"},"content":{"rendered":"\n<figure class=\"wp-block-image size-large\"><img decoding=\"async\" width=\"600\" height=\"344\" src=\"https:\/\/elobservadorzonanorte.com.mx\/wp-content\/uploads\/2026\/04\/imagen-15-151-600x344.jpg\" alt=\"\" class=\"wp-image-141231\" srcset=\"https:\/\/elobservadorzonanorte.com.mx\/wp-content\/uploads\/2026\/04\/imagen-15-151-600x344.jpg 600w, https:\/\/elobservadorzonanorte.com.mx\/wp-content\/uploads\/2026\/04\/imagen-15-151-300x172.jpg 300w, https:\/\/elobservadorzonanorte.com.mx\/wp-content\/uploads\/2026\/04\/imagen-15-151-768x440.jpg 768w, https:\/\/elobservadorzonanorte.com.mx\/wp-content\/uploads\/2026\/04\/imagen-15-151.jpg 943w\" sizes=\"(max-width: 600px) 100vw, 600px\" \/><\/figure>\n\n\n\n<p>\u2022 C\u00e9sar Espinosa Morales da continuidad a la estrategia de atenci\u00f3n a los 12 municipios hist\u00f3ricamente olvidados en Chiapas, a trav\u00e9s de la apertura de cursos en esta regi\u00f3n<\/p>\n\n\n\n<p>Con el objetivo de llevar justicia social y herramientas productivas a las regiones con mayor vulnerabilidad, el director general del Instituto de Capacitaci\u00f3n y Vinculaci\u00f3n Tecnol\u00f3gica del Estado de Chiapas (Icatech), C\u00e9sar Espinosa Morales, visit\u00f3 Tila y Chanal, los cuales forman parte de los 12 municipios hist\u00f3ricamente olvidados en Chiapas.<\/p>\n\n\n\n<p>Esta iniciativa forma parte de la estrategia estatal para transformar realidades en municipios prioritarios, llevando herramientas de profesionalizaci\u00f3n a comunidades hist\u00f3ricamente desatendidas.<\/p>\n\n\n\n<p>Durante estos encuentros, se promovi\u00f3 la oferta educativa del Instituto a trav\u00e9s de la apertura de una amplia gama de cursos, con el fin de reforzar la estrategia de prosperidad compartida, tal como lo ha instruido el gobernador del Estado, Eduardo Ram\u00edrez Aguilar.<\/p>\n\n\n\n<p>En ambas localidades, Espinosa Morales destac\u00f3 la importancia de la formaci\u00f3n acad\u00e9mica que promueve el Icatech, ya que su finalidad es ser motor de transformaci\u00f3n econ\u00f3mica, pues gracias a la capacitaci\u00f3n es posible garantizar que el conocimiento se traduzca en ingresos.<\/p>\n\n\n\n<p>En Tila, se enfatiz\u00f3 la colaboraci\u00f3n con las autoridades locales para ampliar la cobertura de las aulas m\u00f3viles y centros de capacitaci\u00f3n; por otro lado, durante su intervenci\u00f3n en Chanal, el titular del Icatech subray\u00f3 que la educaci\u00f3n t\u00e9cnica no es solo un tr\u00e1mite administrativo, sino una v\u00eda real para reducir la brecha de desigualdad.<\/p>\n","protected":false},"excerpt":{"rendered":"<p>\u2022 C\u00e9sar Espinosa Morales da continuidad a la estrategia de atenci\u00f3n a los 12 municipios hist\u00f3ricamente olvidados en Chiapas, a trav\u00e9s de la apertura de cursos en esta regi\u00f3n Con el objetivo de llevar justicia social y herramientas productivas a las regiones con mayor vulnerabilidad, el director general del Instituto de Capacitaci\u00f3n y Vinculaci\u00f3n Tecnol\u00f3gica [&hellip;]<\/p>\n","protected":false},"author":1,"featured_media":141231,"comment_status":"closed","ping_status":"closed","sticky":false,"template":"","format":"standard","meta":{"footnotes":""},"categories":[1],"tags":[],"class_list":["post-141217","post","type-post","status-publish","format-standard","has-post-thumbnail","hentry","category-general"],"_links":{"self":[{"href":"https:\/\/elobservadorzonanorte.com.mx\/index.php?rest_route=\/wp\/v2\/posts\/141217","targetHints":{"allow":["GET"]}}],"collection":[{"href":"https:\/\/elobservadorzonanorte.com.mx\/index.php?rest_route=\/wp\/v2\/posts"}],"about":[{"href":"https:\/\/elobservadorzonanorte.com.mx\/index.php?rest_route=\/wp\/v2\/types\/post"}],"author":[{"embeddable":true,"href":"https:\/\/elobservadorzonanorte.com.mx\/index.php?rest_route=\/wp\/v2\/users\/1"}],"replies":[{"embeddable":true,"href":"https:\/\/elobservadorzonanorte.com.mx\/index.php?rest_route=%2Fwp%2Fv2%2Fcomments&post=141217"}],"version-history":[{"count":1,"href":"https:\/\/elobservadorzonanorte.com.mx\/index.php?rest_route=\/wp\/v2\/posts\/141217\/revisions"}],"predecessor-version":[{"id":141268,"href":"https:\/\/elobservadorzonanorte.com.mx\/index.php?rest_route=\/wp\/v2\/posts\/141217\/revisions\/141268"}],"wp:featuredmedia":[{"embeddable":true,"href":"https:\/\/elobservadorzonanorte.com.mx\/index.php?rest_route=\/wp\/v2\/media\/141231"}],"wp:attachment":[{"href":"https:\/\/elobservadorzonanorte.com.mx\/index.php?rest_route=%2Fwp%2Fv2%2Fmedia&parent=141217"}],"wp:term":[{"taxonomy":"category","embeddable":true,"href":"https:\/\/elobservadorzonanorte.com.mx\/index.php?rest_route=%2Fwp%2Fv2%2Fcategories&post=141217"},{"taxonomy":"post_tag","embeddable":true,"href":"https:\/\/elobservadorzonanorte.com.mx\/index.php?rest_route=%2Fwp%2Fv2%2Ftags&post=141217"}],"curies":[{"name":"wp","href":"https:\/\/api.w.org\/{rel}","templated":true}]}}