{"id":141173,"date":"2026-04-28T05:51:42","date_gmt":"2026-04-28T05:51:42","guid":{"rendered":"https:\/\/elobservadorzonanorte.com.mx\/?p=141173"},"modified":"2026-04-28T05:51:43","modified_gmt":"2026-04-28T05:51:43","slug":"eduardo-ramirez-convoca-a-su-gabinete-a-continuar-trabajando-con-humanismo-y-responsabilidad-social-2","status":"publish","type":"post","link":"https:\/\/elobservadorzonanorte.com.mx\/?p=141173","title":{"rendered":"*Eduardo Ram\u00edrez convoca a su gabinete a continuar trabajando con humanismo y responsabilidad social*"},"content":{"rendered":"<p><iframe loading=\"lazy\" src=\"https:\/\/www.facebook.com\/plugins\/video.php?height=476&#038;href=https%3A%2F%2Fwww.facebook.com%2Freel%2F1362015739282307%2F&#038;show_text=false&#038;width=267&#038;t=0\" width=\"267\" height=\"476\" style=\"border:none;overflow:hidden\" scrolling=\"no\" frameborder=\"0\" allowfullscreen=\"true\" allow=\"autoplay; clipboard-write; encrypted-media; picture-in-picture; web-share\" allowFullScreen=\"true\"><\/iframe><\/p>\n\n\n\n<p>Al encabezar una reuni\u00f3n con integrantes del Gabinete Legal y Ampliado, el gobernador Eduardo Ram\u00edrez Aguilar destac\u00f3 los avances de su administraci\u00f3n y llam\u00f3 a las y los servidores del pueblo a trabajar con conciencia, responsabilidad social y vocaci\u00f3n de servicio, pues esto permitir\u00e1 que las acciones, programas y obras prioritarias, se ejecuten con transparencia y atiendan las necesidades reales de la poblaci\u00f3n, especialmente en los 12 municipios hist\u00f3ricamente olvidados.<\/p>\n\n\n\n<p>Desde el Mirador Los Chiapa, en el Parque Nacional Ca\u00f1\u00f3n del Sumidero, Ram\u00edrez Aguilar asegur\u00f3 que servir a Chiapas es uno de los mayores privilegios, por lo que reiter\u00f3 el llamado a mantener la coordinaci\u00f3n interinstitucional. Asimismo, detall\u00f3 que, en un a\u00f1o y medio, su gobierno ha dado a la entidad un rostro de prosperidad compartida. Resalt\u00f3 el restablecimiento de la paz, la seguridad y el Estado de derecho, as\u00ed como avances en alfabetizaci\u00f3n, cobertura de salud, infraestructura educativa y carretera, caminos, agua potable y servicios p\u00fablicos, entre otras acciones.<\/p>\n\n\n\n<figure class=\"wp-block-video\"><\/figure>\n\n\n\n<p>Gobernador Eduardo Ram\u00edrez<br>Aguilar encabez\u00f3 una reuni\u00f3n<\/p>\n","protected":false},"excerpt":{"rendered":"<p>Al encabezar una reuni\u00f3n con integrantes del Gabinete Legal y Ampliado, el gobernador Eduardo Ram\u00edrez Aguilar destac\u00f3 los avances de su administraci\u00f3n y llam\u00f3 a las y los servidores del pueblo a trabajar con conciencia, responsabilidad social y vocaci\u00f3n de servicio, pues esto permitir\u00e1 que las acciones, programas y obras prioritarias, se ejecuten con transparencia [&hellip;]<\/p>\n","protected":false},"author":1,"featured_media":0,"comment_status":"closed","ping_status":"closed","sticky":false,"template":"","format":"standard","meta":{"footnotes":""},"categories":[1],"tags":[],"class_list":["post-141173","post","type-post","status-publish","format-standard","hentry","category-general"],"_links":{"self":[{"href":"https:\/\/elobservadorzonanorte.com.mx\/index.php?rest_route=\/wp\/v2\/posts\/141173","targetHints":{"allow":["GET"]}}],"collection":[{"href":"https:\/\/elobservadorzonanorte.com.mx\/index.php?rest_route=\/wp\/v2\/posts"}],"about":[{"href":"https:\/\/elobservadorzonanorte.com.mx\/index.php?rest_route=\/wp\/v2\/types\/post"}],"author":[{"embeddable":true,"href":"https:\/\/elobservadorzonanorte.com.mx\/index.php?rest_route=\/wp\/v2\/users\/1"}],"replies":[{"embeddable":true,"href":"https:\/\/elobservadorzonanorte.com.mx\/index.php?rest_route=%2Fwp%2Fv2%2Fcomments&post=141173"}],"version-history":[{"count":1,"href":"https:\/\/elobservadorzonanorte.com.mx\/index.php?rest_route=\/wp\/v2\/posts\/141173\/revisions"}],"predecessor-version":[{"id":141262,"href":"https:\/\/elobservadorzonanorte.com.mx\/index.php?rest_route=\/wp\/v2\/posts\/141173\/revisions\/141262"}],"wp:attachment":[{"href":"https:\/\/elobservadorzonanorte.com.mx\/index.php?rest_route=%2Fwp%2Fv2%2Fmedia&parent=141173"}],"wp:term":[{"taxonomy":"category","embeddable":true,"href":"https:\/\/elobservadorzonanorte.com.mx\/index.php?rest_route=%2Fwp%2Fv2%2Fcategories&post=141173"},{"taxonomy":"post_tag","embeddable":true,"href":"https:\/\/elobservadorzonanorte.com.mx\/index.php?rest_route=%2Fwp%2Fv2%2Ftags&post=141173"}],"curies":[{"name":"wp","href":"https:\/\/api.w.org\/{rel}","templated":true}]}}