{"id":141172,"date":"2026-04-28T05:51:40","date_gmt":"2026-04-28T05:51:40","guid":{"rendered":"https:\/\/elobservadorzonanorte.com.mx\/?p=141172"},"modified":"2026-04-28T05:51:41","modified_gmt":"2026-04-28T05:51:41","slug":"eduardo-ramirez-convoca-a-su-gabinete-a-continuar-trabajando-con-humanismo-y-responsabilidad-social","status":"publish","type":"post","link":"https:\/\/elobservadorzonanorte.com.mx\/?p=141172","title":{"rendered":"*Eduardo Ram\u00edrez convoca a su gabinete a continuar trabajando con humanismo y responsabilidad social*"},"content":{"rendered":"\n<figure class=\"wp-block-image size-full\"><img decoding=\"async\" width=\"590\" height=\"394\" src=\"https:\/\/elobservadorzonanorte.com.mx\/wp-content\/uploads\/2026\/04\/imagen-15-142.jpg\" alt=\"\" class=\"wp-image-141211\" srcset=\"https:\/\/elobservadorzonanorte.com.mx\/wp-content\/uploads\/2026\/04\/imagen-15-142.jpg 590w, https:\/\/elobservadorzonanorte.com.mx\/wp-content\/uploads\/2026\/04\/imagen-15-142-300x200.jpg 300w\" sizes=\"(max-width: 590px) 100vw, 590px\" \/><\/figure>\n\n\n\n<figure class=\"wp-block-image size-full\"><img decoding=\"async\" width=\"590\" height=\"394\" src=\"https:\/\/elobservadorzonanorte.com.mx\/wp-content\/uploads\/2026\/04\/imagen-15-143.jpg\" alt=\"\" class=\"wp-image-141212\" srcset=\"https:\/\/elobservadorzonanorte.com.mx\/wp-content\/uploads\/2026\/04\/imagen-15-143.jpg 590w, https:\/\/elobservadorzonanorte.com.mx\/wp-content\/uploads\/2026\/04\/imagen-15-143-300x200.jpg 300w\" sizes=\"(max-width: 590px) 100vw, 590px\" \/><\/figure>\n\n\n\n<figure class=\"wp-block-image size-full\"><img decoding=\"async\" width=\"590\" height=\"394\" src=\"https:\/\/elobservadorzonanorte.com.mx\/wp-content\/uploads\/2026\/04\/imagen-15-144.jpg\" alt=\"\" class=\"wp-image-141213\" srcset=\"https:\/\/elobservadorzonanorte.com.mx\/wp-content\/uploads\/2026\/04\/imagen-15-144.jpg 590w, https:\/\/elobservadorzonanorte.com.mx\/wp-content\/uploads\/2026\/04\/imagen-15-144-300x200.jpg 300w\" sizes=\"(max-width: 590px) 100vw, 590px\" \/><\/figure>\n\n\n\n<p>&#8211; Encabez\u00f3 una reuni\u00f3n con las y los titulares de las dependencias de la administraci\u00f3n p\u00fablica estatal<\/p>\n\n\n\n<p>&#8211; Llam\u00f3 a mantener la coordinaci\u00f3n interinstitucional para fortalecer el bienestar, especialmente en los 12 municipios hist\u00f3ricamente olvidados<\/p>\n\n\n\n<p>El gobernador Eduardo Ram\u00edrez Aguilar encabez\u00f3 una reuni\u00f3n con integrantes del Gabinete Legal y Ampliado desde el Mirador Los Chiapa, en el Parque Nacional Ca\u00f1\u00f3n del Sumidero, donde destac\u00f3 los avances de la administraci\u00f3n p\u00fablica estatal y convoc\u00f3 a las servidoras y los servidores del pueblo a actuar con conciencia, responsabilidad social y vocaci\u00f3n de servicio, con el prop\u00f3sito de fortalecer el bienestar y la prosperidad de Chiapas, en especial en los 12 municipios hist\u00f3ricamente olvidados.<\/p>\n\n\n\n<p>En su intervenci\u00f3n, el mandatario sostuvo que servir a Chiapas constituye uno de los mayores privilegios, por lo que reiter\u00f3 el llamado a las y los titulares de dependencias y organismos a mantener la coordinaci\u00f3n interinstitucional. Se\u00f1al\u00f3 que esto permitir\u00e1 que las acciones, programas y obras prioritarias, tanto en zonas rurales como urbanas, se ejecuten con transparencia y respondan a las necesidades reales de la poblaci\u00f3n.<\/p>\n\n\n\n<p>Ram\u00edrez Aguilar afirm\u00f3 que, en un a\u00f1o y medio, el gobierno de la Nueva ERA ha dado a la entidad un rostro de prosperidad compartida. Destac\u00f3 el restablecimiento de la paz, la seguridad y el Estado de derecho, as\u00ed como avances en alfabetizaci\u00f3n, cobertura de salud, infraestructura educativa y carretera, caminos, agua potable y servicios p\u00fablicos. Tambi\u00e9n mencion\u00f3 la restauraci\u00f3n de microcuencas y la ampliaci\u00f3n de apoyos a cadenas productivas, entre otras acciones.<\/p>\n\n\n\n<p>\u201cSigan desempe\u00f1ando su labor con base en los principios que rigen al gobierno de Chiapas: conciencia, lealtad, honestidad, fraternidad, compromiso y amor por el pr\u00f3jimo, generosidad, solidaridad, empat\u00eda, bondad, sensibilidad y un alto sentido del deber; es decir, con un humanismo que transforme la realidad de los pueblos. Desde este lugar sagrado visualicemos y asumamos nuestro destino, que por ahora no es otro que el de Chiapas: un horizonte de dignidad y de cumplimiento del deber\u201d, expres\u00f3.<\/p>\n\n\n\n<p>Durante la reuni\u00f3n, se presentaron avances y proyecciones de las estrategias Del Olvido a la Prosperidad y Prosperidad Compartida en distintos rubros como infraestructura, alfabetizaci\u00f3n, cobertura universal de salud, atenci\u00f3n a parteras, construcci\u00f3n de espacios educativos y programas orientados al rescate de sistemas lagunarios, apoyo a pescadores, seguridad social y financiamiento para el sector agrario, as\u00ed como para micro, peque\u00f1as y medianas empresas.<\/p>\n\n\n\n<p>Se expusieron acciones relacionadas con microcuencas y \u00c1reas Naturales Protegidas; el progreso del programa Carreteras Vivas; e iniciativas en materia de finanzas, como la Convenci\u00f3n Hacendaria y la digitalizaci\u00f3n de servicios. De igual forma, se dieron a conocer acciones en el combate a la corrupci\u00f3n, econom\u00eda, turismo, protecci\u00f3n civil y en programas del Humanismo como Bicis que Transforman, Conecta Chiapas, Comedores del Humanismo, A Paso Firme, Cuidar es Amar y Tortim\u00f3vil, entre otros.<\/p>\n\n\n\n<p>En esta reuni\u00f3n de trabajo estuvieron presentes las y los titulares de las secretar\u00edas y organismos p\u00fablicos del Poder Ejecutivo estatal.<\/p>\n","protected":false},"excerpt":{"rendered":"<p>&#8211; Encabez\u00f3 una reuni\u00f3n con las y los titulares de las dependencias de la administraci\u00f3n p\u00fablica estatal &#8211; Llam\u00f3 a mantener la coordinaci\u00f3n interinstitucional para fortalecer el bienestar, especialmente en los 12 municipios hist\u00f3ricamente olvidados El gobernador Eduardo Ram\u00edrez Aguilar encabez\u00f3 una reuni\u00f3n con integrantes del Gabinete Legal y Ampliado desde el Mirador Los Chiapa, [&hellip;]<\/p>\n","protected":false},"author":1,"featured_media":141213,"comment_status":"closed","ping_status":"closed","sticky":false,"template":"","format":"standard","meta":{"footnotes":""},"categories":[1],"tags":[],"class_list":["post-141172","post","type-post","status-publish","format-standard","has-post-thumbnail","hentry","category-general"],"_links":{"self":[{"href":"https:\/\/elobservadorzonanorte.com.mx\/index.php?rest_route=\/wp\/v2\/posts\/141172","targetHints":{"allow":["GET"]}}],"collection":[{"href":"https:\/\/elobservadorzonanorte.com.mx\/index.php?rest_route=\/wp\/v2\/posts"}],"about":[{"href":"https:\/\/elobservadorzonanorte.com.mx\/index.php?rest_route=\/wp\/v2\/types\/post"}],"author":[{"embeddable":true,"href":"https:\/\/elobservadorzonanorte.com.mx\/index.php?rest_route=\/wp\/v2\/users\/1"}],"replies":[{"embeddable":true,"href":"https:\/\/elobservadorzonanorte.com.mx\/index.php?rest_route=%2Fwp%2Fv2%2Fcomments&post=141172"}],"version-history":[{"count":1,"href":"https:\/\/elobservadorzonanorte.com.mx\/index.php?rest_route=\/wp\/v2\/posts\/141172\/revisions"}],"predecessor-version":[{"id":141261,"href":"https:\/\/elobservadorzonanorte.com.mx\/index.php?rest_route=\/wp\/v2\/posts\/141172\/revisions\/141261"}],"wp:featuredmedia":[{"embeddable":true,"href":"https:\/\/elobservadorzonanorte.com.mx\/index.php?rest_route=\/wp\/v2\/media\/141213"}],"wp:attachment":[{"href":"https:\/\/elobservadorzonanorte.com.mx\/index.php?rest_route=%2Fwp%2Fv2%2Fmedia&parent=141172"}],"wp:term":[{"taxonomy":"category","embeddable":true,"href":"https:\/\/elobservadorzonanorte.com.mx\/index.php?rest_route=%2Fwp%2Fv2%2Fcategories&post=141172"},{"taxonomy":"post_tag","embeddable":true,"href":"https:\/\/elobservadorzonanorte.com.mx\/index.php?rest_route=%2Fwp%2Fv2%2Ftags&post=141172"}],"curies":[{"name":"wp","href":"https:\/\/api.w.org\/{rel}","templated":true}]}}