{"id":141168,"date":"2026-04-28T05:51:10","date_gmt":"2026-04-28T05:51:10","guid":{"rendered":"https:\/\/elobservadorzonanorte.com.mx\/?p=141168"},"modified":"2026-04-28T05:51:11","modified_gmt":"2026-04-28T05:51:11","slug":"domingo-trejo-comprometido-con-la-educacion-en-rayon","status":"publish","type":"post","link":"https:\/\/elobservadorzonanorte.com.mx\/?p=141168","title":{"rendered":"Domingo Trejo comprometido con la educaci\u00f3n en Ray\u00f3n"},"content":{"rendered":"\n<figure class=\"wp-block-image size-full\"><img decoding=\"async\" width=\"590\" height=\"443\" src=\"https:\/\/elobservadorzonanorte.com.mx\/wp-content\/uploads\/2026\/04\/imagen-15-135.jpg\" alt=\"\" class=\"wp-image-141204\" srcset=\"https:\/\/elobservadorzonanorte.com.mx\/wp-content\/uploads\/2026\/04\/imagen-15-135.jpg 590w, https:\/\/elobservadorzonanorte.com.mx\/wp-content\/uploads\/2026\/04\/imagen-15-135-300x225.jpg 300w\" sizes=\"(max-width: 590px) 100vw, 590px\" \/><\/figure>\n\n\n\n<figure class=\"wp-block-image size-full\"><img decoding=\"async\" width=\"590\" height=\"443\" src=\"https:\/\/elobservadorzonanorte.com.mx\/wp-content\/uploads\/2026\/04\/imagen-15-136.jpg\" alt=\"\" class=\"wp-image-141205\" srcset=\"https:\/\/elobservadorzonanorte.com.mx\/wp-content\/uploads\/2026\/04\/imagen-15-136.jpg 590w, https:\/\/elobservadorzonanorte.com.mx\/wp-content\/uploads\/2026\/04\/imagen-15-136-300x225.jpg 300w\" sizes=\"(max-width: 590px) 100vw, 590px\" \/><\/figure>\n\n\n\n<figure class=\"wp-block-image size-full\"><img decoding=\"async\" width=\"590\" height=\"443\" src=\"https:\/\/elobservadorzonanorte.com.mx\/wp-content\/uploads\/2026\/04\/imagen-15-137.jpg\" alt=\"\" class=\"wp-image-141206\" srcset=\"https:\/\/elobservadorzonanorte.com.mx\/wp-content\/uploads\/2026\/04\/imagen-15-137.jpg 590w, https:\/\/elobservadorzonanorte.com.mx\/wp-content\/uploads\/2026\/04\/imagen-15-137-300x225.jpg 300w\" sizes=\"(max-width: 590px) 100vw, 590px\" \/><\/figure>\n\n\n\n<p>Acompa\u00f1ado de autoridades educativas de la Universidad Tecnol\u00f3gica de la Selva el alcalde Domingo Trejo visit\u00f3 est\u00e1 instituci\u00f3n donde supervis\u00f3 la construcci\u00f3n de 2 aulas en beneficio de la poblaci\u00f3n estudiantil.<\/p>\n\n\n\n<p>Y es que el actual gobierno le est\u00e1 apostando a dejar huella en el municipio y sobre todo en instituciones educativas de Ray\u00f3n, siguiendo las pol\u00edticas p\u00fablicas del gobernador Eduardo Ram\u00edrez.<\/p>\n\n\n\n<p>Ah\u00ed el alcalde refrend\u00f3 su compromiso con esta instituci\u00f3n, toda vez que era un compromiso con los alumnos, padres de familia y docentes.<\/p>\n\n\n\n<p>Reconociendo el trabajo coordinado entre el ayuntamiento y el Rector Jorge Alonso Huitr\u00f3n Flores, logrando que esta nueva infraestructura contribuir\u00e1 significativamente a la eficiencia del proceso de ense\u00f1anza-aprendizaje y permitir\u00e1 el crecimiento de la matr\u00edcula, brindando mejores condiciones para la formaci\u00f3n acad\u00e9mica de los j\u00f3venes de la regi\u00f3n.<\/p>\n\n\n\n<p>Esta obra se realiza con el respaldo del Gobierno del Estado de Chiapas y el compromiso del gobernador Eduardo Ram\u00edrez, cuya visi\u00f3n prioriza el impulso educativo como pilar del desarrollo social.<\/p>\n","protected":false},"excerpt":{"rendered":"<p>Acompa\u00f1ado de autoridades educativas de la Universidad Tecnol\u00f3gica de la Selva el alcalde Domingo Trejo visit\u00f3 est\u00e1 instituci\u00f3n donde supervis\u00f3 la construcci\u00f3n de 2 aulas en beneficio de la poblaci\u00f3n estudiantil. Y es que el actual gobierno le est\u00e1 apostando a dejar huella en el municipio y sobre todo en instituciones educativas de Ray\u00f3n, siguiendo [&hellip;]<\/p>\n","protected":false},"author":1,"featured_media":141206,"comment_status":"closed","ping_status":"closed","sticky":false,"template":"","format":"standard","meta":{"footnotes":""},"categories":[1],"tags":[],"class_list":["post-141168","post","type-post","status-publish","format-standard","has-post-thumbnail","hentry","category-general"],"_links":{"self":[{"href":"https:\/\/elobservadorzonanorte.com.mx\/index.php?rest_route=\/wp\/v2\/posts\/141168","targetHints":{"allow":["GET"]}}],"collection":[{"href":"https:\/\/elobservadorzonanorte.com.mx\/index.php?rest_route=\/wp\/v2\/posts"}],"about":[{"href":"https:\/\/elobservadorzonanorte.com.mx\/index.php?rest_route=\/wp\/v2\/types\/post"}],"author":[{"embeddable":true,"href":"https:\/\/elobservadorzonanorte.com.mx\/index.php?rest_route=\/wp\/v2\/users\/1"}],"replies":[{"embeddable":true,"href":"https:\/\/elobservadorzonanorte.com.mx\/index.php?rest_route=%2Fwp%2Fv2%2Fcomments&post=141168"}],"version-history":[{"count":1,"href":"https:\/\/elobservadorzonanorte.com.mx\/index.php?rest_route=\/wp\/v2\/posts\/141168\/revisions"}],"predecessor-version":[{"id":141257,"href":"https:\/\/elobservadorzonanorte.com.mx\/index.php?rest_route=\/wp\/v2\/posts\/141168\/revisions\/141257"}],"wp:featuredmedia":[{"embeddable":true,"href":"https:\/\/elobservadorzonanorte.com.mx\/index.php?rest_route=\/wp\/v2\/media\/141206"}],"wp:attachment":[{"href":"https:\/\/elobservadorzonanorte.com.mx\/index.php?rest_route=%2Fwp%2Fv2%2Fmedia&parent=141168"}],"wp:term":[{"taxonomy":"category","embeddable":true,"href":"https:\/\/elobservadorzonanorte.com.mx\/index.php?rest_route=%2Fwp%2Fv2%2Fcategories&post=141168"},{"taxonomy":"post_tag","embeddable":true,"href":"https:\/\/elobservadorzonanorte.com.mx\/index.php?rest_route=%2Fwp%2Fv2%2Ftags&post=141168"}],"curies":[{"name":"wp","href":"https:\/\/api.w.org\/{rel}","templated":true}]}}