{"id":141164,"date":"2026-04-28T05:50:45","date_gmt":"2026-04-28T05:50:45","guid":{"rendered":"https:\/\/elobservadorzonanorte.com.mx\/?p=141164"},"modified":"2026-04-28T05:50:46","modified_gmt":"2026-04-28T05:50:46","slug":"juan-carlos-moreno-guillen-refrenda-compromiso-por-una-justicia-mas-humana-y-con-perspectiva-de-genero","status":"publish","type":"post","link":"https:\/\/elobservadorzonanorte.com.mx\/?p=141164","title":{"rendered":"Juan Carlos Moreno Guill\u00e9n refrenda compromiso por una justicia m\u00e1s humana y con perspectiva de g\u00e9nero"},"content":{"rendered":"\n<figure class=\"wp-block-image size-large\"><img decoding=\"async\" width=\"600\" height=\"336\" src=\"https:\/\/elobservadorzonanorte.com.mx\/wp-content\/uploads\/2026\/04\/imagen-15-130-600x336.jpg\" alt=\"\" class=\"wp-image-141199\" srcset=\"https:\/\/elobservadorzonanorte.com.mx\/wp-content\/uploads\/2026\/04\/imagen-15-130-600x336.jpg 600w, https:\/\/elobservadorzonanorte.com.mx\/wp-content\/uploads\/2026\/04\/imagen-15-130-300x168.jpg 300w, https:\/\/elobservadorzonanorte.com.mx\/wp-content\/uploads\/2026\/04\/imagen-15-130-768x430.jpg 768w, https:\/\/elobservadorzonanorte.com.mx\/wp-content\/uploads\/2026\/04\/imagen-15-130.jpg 960w\" sizes=\"(max-width: 600px) 100vw, 600px\" \/><\/figure>\n\n\n\n<p>En un espacio de escucha, respeto y de voluntad, el magistrado presidente del Poder Judicial del Estado, Juan Carlos Moreno Guill\u00e9n, sostuvo una reuni\u00f3n con integrantes de la asociaci\u00f3n civil \u201cMujer t\u00fa no est\u00e1s sola\u201d, encabezadas por Dorian Velasco, en las instalaciones de esta casa de la justicia.<\/p>\n\n\n\n<p>Durante esta reuni\u00f3n, abordaron temas referentes a los derechos de las mujeres y a la importancia del correcto acompa\u00f1amiento y apoyo integral a las mujeres que atraviesan por momentos dif\u00edciles o situaciones de violencia y vulnerabilidad.<\/p>\n\n\n\n<p>En este di\u00e1logo directo, el magistrado Moreno Guill\u00e9n refrend\u00f3 su compromiso por continuar consolidando una justicia m\u00e1s humana, accesible, emp\u00e1tica y con perspectiva de g\u00e9nero, que beneficie a todas las mujeres chiapanecas.<\/p>\n\n\n\n<p><a href=\"https:\/\/www.facebook.com\/hashtag\/justiciaconhumanismo?__cft__[0]=AZZMJ8z8iT8-g_ZSm5sslC3coRC5LoehTaTV78C2K01RAUrqxgLBIoFZfVwK1MB-3Ou3AvXMMN_eWIMzy5Nbcw5ki7X-H29yB7tiO87jKkHap8mN7N9wC7p2OsmlrgmxOLW2dylyFS66SIQCPJJMBbG8qmpTr3GbcVicgg3HHs4Z2OtqJ3A4Icti-99nK5m6lHQ&amp;__tn__=*NK-R\" target=\"_blank\" rel=\"noopener\">#JusticiaConHumanismo<\/a><\/p>\n\n\n\n<p><a href=\"https:\/\/www.facebook.com\/hashtag\/pjechiapas?__cft__[0]=AZZMJ8z8iT8-g_ZSm5sslC3coRC5LoehTaTV78C2K01RAUrqxgLBIoFZfVwK1MB-3Ou3AvXMMN_eWIMzy5Nbcw5ki7X-H29yB7tiO87jKkHap8mN7N9wC7p2OsmlrgmxOLW2dylyFS66SIQCPJJMBbG8qmpTr3GbcVicgg3HHs4Z2OtqJ3A4Icti-99nK5m6lHQ&amp;__tn__=*NK-R\" target=\"_blank\" rel=\"noopener\">#PJEChiapas<\/a><\/p>\n\n\n\n<p><a href=\"https:\/\/www.facebook.com\/hashtag\/lajusticiaeslapaz?__cft__[0]=AZZMJ8z8iT8-g_ZSm5sslC3coRC5LoehTaTV78C2K01RAUrqxgLBIoFZfVwK1MB-3Ou3AvXMMN_eWIMzy5Nbcw5ki7X-H29yB7tiO87jKkHap8mN7N9wC7p2OsmlrgmxOLW2dylyFS66SIQCPJJMBbG8qmpTr3GbcVicgg3HHs4Z2OtqJ3A4Icti-99nK5m6lHQ&amp;__tn__=*NK-R\" target=\"_blank\" rel=\"noopener\">#LaJusticiaEsLaPaz<\/a><\/p>\n","protected":false},"excerpt":{"rendered":"<p>En un espacio de escucha, respeto y de voluntad, el magistrado presidente del Poder Judicial del Estado, Juan Carlos Moreno Guill\u00e9n, sostuvo una reuni\u00f3n con integrantes de la asociaci\u00f3n civil \u201cMujer t\u00fa no est\u00e1s sola\u201d, encabezadas por Dorian Velasco, en las instalaciones de esta casa de la justicia. Durante esta reuni\u00f3n, abordaron temas referentes a [&hellip;]<\/p>\n","protected":false},"author":1,"featured_media":141199,"comment_status":"closed","ping_status":"closed","sticky":false,"template":"","format":"standard","meta":{"footnotes":""},"categories":[1],"tags":[],"class_list":["post-141164","post","type-post","status-publish","format-standard","has-post-thumbnail","hentry","category-general"],"_links":{"self":[{"href":"https:\/\/elobservadorzonanorte.com.mx\/index.php?rest_route=\/wp\/v2\/posts\/141164","targetHints":{"allow":["GET"]}}],"collection":[{"href":"https:\/\/elobservadorzonanorte.com.mx\/index.php?rest_route=\/wp\/v2\/posts"}],"about":[{"href":"https:\/\/elobservadorzonanorte.com.mx\/index.php?rest_route=\/wp\/v2\/types\/post"}],"author":[{"embeddable":true,"href":"https:\/\/elobservadorzonanorte.com.mx\/index.php?rest_route=\/wp\/v2\/users\/1"}],"replies":[{"embeddable":true,"href":"https:\/\/elobservadorzonanorte.com.mx\/index.php?rest_route=%2Fwp%2Fv2%2Fcomments&post=141164"}],"version-history":[{"count":1,"href":"https:\/\/elobservadorzonanorte.com.mx\/index.php?rest_route=\/wp\/v2\/posts\/141164\/revisions"}],"predecessor-version":[{"id":141253,"href":"https:\/\/elobservadorzonanorte.com.mx\/index.php?rest_route=\/wp\/v2\/posts\/141164\/revisions\/141253"}],"wp:featuredmedia":[{"embeddable":true,"href":"https:\/\/elobservadorzonanorte.com.mx\/index.php?rest_route=\/wp\/v2\/media\/141199"}],"wp:attachment":[{"href":"https:\/\/elobservadorzonanorte.com.mx\/index.php?rest_route=%2Fwp%2Fv2%2Fmedia&parent=141164"}],"wp:term":[{"taxonomy":"category","embeddable":true,"href":"https:\/\/elobservadorzonanorte.com.mx\/index.php?rest_route=%2Fwp%2Fv2%2Fcategories&post=141164"},{"taxonomy":"post_tag","embeddable":true,"href":"https:\/\/elobservadorzonanorte.com.mx\/index.php?rest_route=%2Fwp%2Fv2%2Ftags&post=141164"}],"curies":[{"name":"wp","href":"https:\/\/api.w.org\/{rel}","templated":true}]}}