{"id":141162,"date":"2026-04-28T05:49:53","date_gmt":"2026-04-28T05:49:53","guid":{"rendered":"https:\/\/elobservadorzonanorte.com.mx\/?p=141162"},"modified":"2026-04-28T05:49:54","modified_gmt":"2026-04-28T05:49:54","slug":"participa-oscar-lopez-andrade-en-mesa-de-trabajo","status":"publish","type":"post","link":"https:\/\/elobservadorzonanorte.com.mx\/?p=141162","title":{"rendered":"Participa Oscar L\u00f3pez Andrade en mesa de trabajo"},"content":{"rendered":"\n<figure class=\"wp-block-image size-full\"><img decoding=\"async\" width=\"590\" height=\"328\" src=\"https:\/\/elobservadorzonanorte.com.mx\/wp-content\/uploads\/2026\/04\/imagen-15-126.jpg\" alt=\"\" class=\"wp-image-141195\" srcset=\"https:\/\/elobservadorzonanorte.com.mx\/wp-content\/uploads\/2026\/04\/imagen-15-126.jpg 590w, https:\/\/elobservadorzonanorte.com.mx\/wp-content\/uploads\/2026\/04\/imagen-15-126-300x167.jpg 300w\" sizes=\"(max-width: 590px) 100vw, 590px\" \/><\/figure>\n\n\n\n<figure class=\"wp-block-image size-full\"><img decoding=\"async\" width=\"590\" height=\"346\" src=\"https:\/\/elobservadorzonanorte.com.mx\/wp-content\/uploads\/2026\/04\/imagen-15-127.jpg\" alt=\"\" class=\"wp-image-141196\" srcset=\"https:\/\/elobservadorzonanorte.com.mx\/wp-content\/uploads\/2026\/04\/imagen-15-127.jpg 590w, https:\/\/elobservadorzonanorte.com.mx\/wp-content\/uploads\/2026\/04\/imagen-15-127-300x176.jpg 300w\" sizes=\"(max-width: 590px) 100vw, 590px\" \/><\/figure>\n\n\n\n<p>Mesa de trabajo y coordinaci\u00f3n con los titulares del sector pesquero en la entidad: la Secretaria de Pesca y Acuacultura del estado, Judith Torres Vera, y Arturo Alc\u00e1zar Pech, representante Federal de CONAPESCA en Chiapas .<\/p>\n\n\n\n<p>Bajo la visi\u00f3n del Gobernador Eduardo Ram\u00edrez y por instrucci\u00f3n de la Secretaria Dulce Mar\u00eda Rodr\u00edguez Ovando, en representaci\u00f3n de la Subsecretaria de Relaciones Pol\u00edticas y Mediaci\u00f3n, mediante el di\u00e1logo institucional fortalecemos el desarrollo de este importante sector en el estado<\/p>\n","protected":false},"excerpt":{"rendered":"<p>Mesa de trabajo y coordinaci\u00f3n con los titulares del sector pesquero en la entidad: la Secretaria de Pesca y Acuacultura del estado, Judith Torres Vera, y Arturo Alc\u00e1zar Pech, representante Federal de CONAPESCA en Chiapas . Bajo la visi\u00f3n del Gobernador Eduardo Ram\u00edrez y por instrucci\u00f3n de la Secretaria Dulce Mar\u00eda Rodr\u00edguez Ovando, en representaci\u00f3n [&hellip;]<\/p>\n","protected":false},"author":1,"featured_media":141195,"comment_status":"closed","ping_status":"closed","sticky":false,"template":"","format":"standard","meta":{"footnotes":""},"categories":[1],"tags":[],"class_list":["post-141162","post","type-post","status-publish","format-standard","has-post-thumbnail","hentry","category-general"],"_links":{"self":[{"href":"https:\/\/elobservadorzonanorte.com.mx\/index.php?rest_route=\/wp\/v2\/posts\/141162","targetHints":{"allow":["GET"]}}],"collection":[{"href":"https:\/\/elobservadorzonanorte.com.mx\/index.php?rest_route=\/wp\/v2\/posts"}],"about":[{"href":"https:\/\/elobservadorzonanorte.com.mx\/index.php?rest_route=\/wp\/v2\/types\/post"}],"author":[{"embeddable":true,"href":"https:\/\/elobservadorzonanorte.com.mx\/index.php?rest_route=\/wp\/v2\/users\/1"}],"replies":[{"embeddable":true,"href":"https:\/\/elobservadorzonanorte.com.mx\/index.php?rest_route=%2Fwp%2Fv2%2Fcomments&post=141162"}],"version-history":[{"count":1,"href":"https:\/\/elobservadorzonanorte.com.mx\/index.php?rest_route=\/wp\/v2\/posts\/141162\/revisions"}],"predecessor-version":[{"id":141248,"href":"https:\/\/elobservadorzonanorte.com.mx\/index.php?rest_route=\/wp\/v2\/posts\/141162\/revisions\/141248"}],"wp:featuredmedia":[{"embeddable":true,"href":"https:\/\/elobservadorzonanorte.com.mx\/index.php?rest_route=\/wp\/v2\/media\/141195"}],"wp:attachment":[{"href":"https:\/\/elobservadorzonanorte.com.mx\/index.php?rest_route=%2Fwp%2Fv2%2Fmedia&parent=141162"}],"wp:term":[{"taxonomy":"category","embeddable":true,"href":"https:\/\/elobservadorzonanorte.com.mx\/index.php?rest_route=%2Fwp%2Fv2%2Fcategories&post=141162"},{"taxonomy":"post_tag","embeddable":true,"href":"https:\/\/elobservadorzonanorte.com.mx\/index.php?rest_route=%2Fwp%2Fv2%2Ftags&post=141162"}],"curies":[{"name":"wp","href":"https:\/\/api.w.org\/{rel}","templated":true}]}}