{"id":141161,"date":"2026-04-28T05:50:56","date_gmt":"2026-04-28T05:50:56","guid":{"rendered":"https:\/\/elobservadorzonanorte.com.mx\/?p=141161"},"modified":"2026-04-28T05:50:57","modified_gmt":"2026-04-28T05:50:57","slug":"la-secretaria-general-de-gobierno-y-mediacion-dulce-rodriguez-ovando-participo-en-la-reunion-del-gabinete-legal-y-ampliado-encabezada-por-el-gobernador-eduardo-ramirez","status":"publish","type":"post","link":"https:\/\/elobservadorzonanorte.com.mx\/?p=141161","title":{"rendered":"La secretaria general de Gobierno y Mediaci\u00f3n, Dulce Rodr\u00edguez Ovando, particip\u00f3 en la reuni\u00f3n del Gabinete Legal y Ampliado encabezada por el gobernador Eduardo Ram\u00edrez."},"content":{"rendered":"\n<figure class=\"wp-block-image size-full\"><img decoding=\"async\" width=\"590\" height=\"394\" src=\"https:\/\/elobservadorzonanorte.com.mx\/wp-content\/uploads\/2026\/04\/imagen-15-131.jpg\" alt=\"\" class=\"wp-image-141200\" srcset=\"https:\/\/elobservadorzonanorte.com.mx\/wp-content\/uploads\/2026\/04\/imagen-15-131.jpg 590w, https:\/\/elobservadorzonanorte.com.mx\/wp-content\/uploads\/2026\/04\/imagen-15-131-300x200.jpg 300w\" sizes=\"(max-width: 590px) 100vw, 590px\" \/><\/figure>\n\n\n\n<figure class=\"wp-block-image size-full\"><img decoding=\"async\" width=\"590\" height=\"394\" src=\"https:\/\/elobservadorzonanorte.com.mx\/wp-content\/uploads\/2026\/04\/imagen-15-132.jpg\" alt=\"\" class=\"wp-image-141201\" srcset=\"https:\/\/elobservadorzonanorte.com.mx\/wp-content\/uploads\/2026\/04\/imagen-15-132.jpg 590w, https:\/\/elobservadorzonanorte.com.mx\/wp-content\/uploads\/2026\/04\/imagen-15-132-300x200.jpg 300w\" sizes=\"(max-width: 590px) 100vw, 590px\" \/><\/figure>\n\n\n\n<figure class=\"wp-block-image size-full\"><img decoding=\"async\" width=\"590\" height=\"394\" src=\"https:\/\/elobservadorzonanorte.com.mx\/wp-content\/uploads\/2026\/04\/imagen-15-133.jpg\" alt=\"\" class=\"wp-image-141202\" srcset=\"https:\/\/elobservadorzonanorte.com.mx\/wp-content\/uploads\/2026\/04\/imagen-15-133.jpg 590w, https:\/\/elobservadorzonanorte.com.mx\/wp-content\/uploads\/2026\/04\/imagen-15-133-300x200.jpg 300w\" sizes=\"(max-width: 590px) 100vw, 590px\" \/><\/figure>\n\n\n\n<p>En este espacio se hizo un llamado a las y los servidores p\u00fablicos a conducirse con principios como la conciencia, la honestidad, la responsabilidad y el compromiso con el pueblo, reafirmando que el ejercicio del servicio p\u00fablico implica un deber permanente orientado a transformar la realidad de Chiapas.<\/p>\n\n\n\n<p><a href=\"https:\/\/www.facebook.com\/hashtag\/humanismoquetransforma?__cft__[0]=AZYYFUQfuAPLSjVJ2cqWkNWir7gEe7pFAg-OxRc3O3NafTjti7BlyHdMmEWB0Mridi4d1Gu929xpGgW9FR_QbG5X-_Jih5H90ZfxGf7HP5zltz_r98giSPcqplKgkaGf1JByCIDCh_KmpdSwQKdq4dnOiAarQVG9_XcAagUBy7k5fu73L659Nh9aYXVQ5n7zxcg&amp;__tn__=*NK-R\" target=\"_blank\" rel=\"noopener\">#HumanismoQueTransforma<\/a><\/p>\n\n\n\n<p><a href=\"https:\/\/www.facebook.com\/hashtag\/prosperidadcompartida?__cft__[0]=AZYYFUQfuAPLSjVJ2cqWkNWir7gEe7pFAg-OxRc3O3NafTjti7BlyHdMmEWB0Mridi4d1Gu929xpGgW9FR_QbG5X-_Jih5H90ZfxGf7HP5zltz_r98giSPcqplKgkaGf1JByCIDCh_KmpdSwQKdq4dnOiAarQVG9_XcAagUBy7k5fu73L659Nh9aYXVQ5n7zxcg&amp;__tn__=*NK-R\" target=\"_blank\" rel=\"noopener\">#ProsperidadCompartida<\/a><\/p>\n","protected":false},"excerpt":{"rendered":"<p>En este espacio se hizo un llamado a las y los servidores p\u00fablicos a conducirse con principios como la conciencia, la honestidad, la responsabilidad y el compromiso con el pueblo, reafirmando que el ejercicio del servicio p\u00fablico implica un deber permanente orientado a transformar la realidad de Chiapas. #HumanismoQueTransforma #ProsperidadCompartida<\/p>\n","protected":false},"author":1,"featured_media":141202,"comment_status":"closed","ping_status":"closed","sticky":false,"template":"","format":"standard","meta":{"footnotes":""},"categories":[1],"tags":[],"class_list":["post-141161","post","type-post","status-publish","format-standard","has-post-thumbnail","hentry","category-general"],"_links":{"self":[{"href":"https:\/\/elobservadorzonanorte.com.mx\/index.php?rest_route=\/wp\/v2\/posts\/141161","targetHints":{"allow":["GET"]}}],"collection":[{"href":"https:\/\/elobservadorzonanorte.com.mx\/index.php?rest_route=\/wp\/v2\/posts"}],"about":[{"href":"https:\/\/elobservadorzonanorte.com.mx\/index.php?rest_route=\/wp\/v2\/types\/post"}],"author":[{"embeddable":true,"href":"https:\/\/elobservadorzonanorte.com.mx\/index.php?rest_route=\/wp\/v2\/users\/1"}],"replies":[{"embeddable":true,"href":"https:\/\/elobservadorzonanorte.com.mx\/index.php?rest_route=%2Fwp%2Fv2%2Fcomments&post=141161"}],"version-history":[{"count":1,"href":"https:\/\/elobservadorzonanorte.com.mx\/index.php?rest_route=\/wp\/v2\/posts\/141161\/revisions"}],"predecessor-version":[{"id":141255,"href":"https:\/\/elobservadorzonanorte.com.mx\/index.php?rest_route=\/wp\/v2\/posts\/141161\/revisions\/141255"}],"wp:featuredmedia":[{"embeddable":true,"href":"https:\/\/elobservadorzonanorte.com.mx\/index.php?rest_route=\/wp\/v2\/media\/141202"}],"wp:attachment":[{"href":"https:\/\/elobservadorzonanorte.com.mx\/index.php?rest_route=%2Fwp%2Fv2%2Fmedia&parent=141161"}],"wp:term":[{"taxonomy":"category","embeddable":true,"href":"https:\/\/elobservadorzonanorte.com.mx\/index.php?rest_route=%2Fwp%2Fv2%2Fcategories&post=141161"},{"taxonomy":"post_tag","embeddable":true,"href":"https:\/\/elobservadorzonanorte.com.mx\/index.php?rest_route=%2Fwp%2Fv2%2Ftags&post=141161"}],"curies":[{"name":"wp","href":"https:\/\/api.w.org\/{rel}","templated":true}]}}