{"id":141159,"date":"2026-04-28T05:50:27","date_gmt":"2026-04-28T05:50:27","guid":{"rendered":"https:\/\/elobservadorzonanorte.com.mx\/?p=141159"},"modified":"2026-04-28T05:50:27","modified_gmt":"2026-04-28T05:50:27","slug":"celebremos-juntos-el-dia-del-nino-y-la-nina-5","status":"publish","type":"post","link":"https:\/\/elobservadorzonanorte.com.mx\/?p=141159","title":{"rendered":"\u00a1Celebremos juntos el D\u00eda del Ni\u00f1o y la ni\u00f1a !"},"content":{"rendered":"\n<figure class=\"wp-block-image size-large\"><img decoding=\"async\" width=\"399\" height=\"600\" src=\"https:\/\/elobservadorzonanorte.com.mx\/wp-content\/uploads\/2026\/04\/imagen-15-128-399x600.jpg\" alt=\"\" class=\"wp-image-141197\" srcset=\"https:\/\/elobservadorzonanorte.com.mx\/wp-content\/uploads\/2026\/04\/imagen-15-128-399x600.jpg 399w, https:\/\/elobservadorzonanorte.com.mx\/wp-content\/uploads\/2026\/04\/imagen-15-128-199x300.jpg 199w, https:\/\/elobservadorzonanorte.com.mx\/wp-content\/uploads\/2026\/04\/imagen-15-128.jpg 526w\" sizes=\"(max-width: 399px) 100vw, 399px\" \/><\/figure>\n\n\n\n<p>El H. Ayuntamiento de Ixtacomit\u00e1n y DIF Municipal, que preside el ING <a href=\"https:\/\/www.facebook.com\/Miguelmorenopalacios?__cft__[0]=AZalMO5SVNhHucgYKfzZcBjwEBYlhwaO7iYPZUf2_WW3SstuFl35q3FUBFnzkADrlkx9oGbDI_WWf3uKZjvAb2yGbc4_ycbL1GwVe_b3KVaJx-oRgqLVAUi3T5Tm3Qj89R939ynWASC7c83O-pFfweLrhczolPs3LFuKp7OV4PeZsXQvytPgkYCzVgV5kkaEqIg&amp;__tn__=-]K-R\" target=\"_blank\" rel=\"noopener\">Miguel Angel Moreno Palacios<\/a> , en coordinaci\u00f3n con la Presidenta del DIF Municipal, la Mtra.Blanca Olivia Estrada Rueda, te invitan a festejar a lo m\u00e1s valioso de nuestros hogares: \u00a1nuestras ni\u00f1as y ni\u00f1os! <img decoding=\"async\" height=\"16\" width=\"16\" src=\"https:\/\/static.xx.fbcdn.net\/images\/emoji.php\/v9\/te9\/1\/16\/1f496.png\" alt=\"\ud83d\udc96\"><\/p>\n\n\n\n<p><img decoding=\"async\" height=\"16\" width=\"16\" alt=\"\ud83d\udcc5\" src=\"https:\/\/static.xx.fbcdn.net\/images\/emoji.php\/v9\/t7e\/1\/16\/1f4c5.png\"> Fecha: 28 de abril<\/p>\n\n\n\n<p><img decoding=\"async\" height=\"16\" width=\"16\" alt=\"\ud83d\udccd\" src=\"https:\/\/static.xx.fbcdn.net\/images\/emoji.php\/v9\/t2d\/1\/16\/1f4cd.png\"> Lugar: Domo central<\/p>\n\n\n\n<p><img decoding=\"async\" height=\"16\" width=\"16\" alt=\"\u23f0\" src=\"https:\/\/static.xx.fbcdn.net\/images\/emoji.php\/v9\/t34\/1\/16\/23f0.png\"> Hora: A partir de las 5:30 de la tarde<\/p>\n\n\n\n<p><img decoding=\"async\" height=\"16\" width=\"16\" alt=\"\u2728\" src=\"https:\/\/static.xx.fbcdn.net\/images\/emoji.php\/v9\/tf4\/1\/16\/2728.png\"> Tendremos:<\/p>\n\n\n\n<p><img decoding=\"async\" height=\"16\" width=\"16\" alt=\"\ud83c\udfad\" src=\"https:\/\/static.xx.fbcdn.net\/images\/emoji.php\/v9\/tae\/1\/16\/1f3ad.png\"> Show de payasos<\/p>\n\n\n\n<p><img decoding=\"async\" height=\"16\" width=\"16\" alt=\"\ud83c\udfc6\" src=\"https:\/\/static.xx.fbcdn.net\/images\/emoji.php\/v9\/tbe\/1\/16\/1f3c6.png\"> Concursos<\/p>\n\n\n\n<p><img decoding=\"async\" height=\"16\" width=\"16\" alt=\"\ud83c\udf81\" src=\"https:\/\/static.xx.fbcdn.net\/images\/emoji.php\/v9\/t84\/1\/16\/1f381.png\"> Regalos<\/p>\n\n\n\n<p><img decoding=\"async\" height=\"16\" width=\"16\" alt=\"\ud83c\udf2d\" src=\"https:\/\/static.xx.fbcdn.net\/images\/emoji.php\/v9\/t7d\/1\/16\/1f32d.png\"> Hog Dogs<\/p>\n\n\n\n<p><img decoding=\"async\" height=\"16\" width=\"16\" alt=\"\ud83e\udef5\" src=\"https:\/\/static.xx.fbcdn.net\/images\/emoji.php\/v9\/tc8\/1\/16\/1faf5.png\"> Show sorpresa y m\u00e1s<\/p>\n\n\n\n<p><img decoding=\"async\" height=\"16\" width=\"16\" alt=\"\ud83d\udcab\" src=\"https:\/\/static.xx.fbcdn.net\/images\/emoji.php\/v9\/ted\/1\/16\/1f4ab.png\"> \u201cRegalar sonrisas a la ni\u00f1ez es sembrar amor en el coraz\u00f3n del mundo.\u201d<\/p>\n\n\n\n<p><img decoding=\"async\" height=\"16\" width=\"16\" alt=\"\ud83c\udf88\" src=\"https:\/\/static.xx.fbcdn.net\/images\/emoji.php\/v9\/tb\/1\/16\/1f388.png\"> \u00a1Ven y disfruta de una tarde llena de alegr\u00eda, diversi\u00f3n y muchas sorpresas!<\/p>\n\n\n\n<p><a href=\"https:\/\/www.facebook.com\/hashtag\/d%C3%ADadelni%C3%B1o?__cft__[0]=AZalMO5SVNhHucgYKfzZcBjwEBYlhwaO7iYPZUf2_WW3SstuFl35q3FUBFnzkADrlkx9oGbDI_WWf3uKZjvAb2yGbc4_ycbL1GwVe_b3KVaJx-oRgqLVAUi3T5Tm3Qj89R939ynWASC7c83O-pFfweLrhczolPs3LFuKp7OV4PeZsXQvytPgkYCzVgV5kkaEqIg&amp;__tn__=*NK-R\" target=\"_blank\" rel=\"noopener\">#D\u00edaDelNi\u00f1o<\/a><a href=\"https:\/\/www.facebook.com\/hashtag\/difmunicipal?__cft__[0]=AZalMO5SVNhHucgYKfzZcBjwEBYlhwaO7iYPZUf2_WW3SstuFl35q3FUBFnzkADrlkx9oGbDI_WWf3uKZjvAb2yGbc4_ycbL1GwVe_b3KVaJx-oRgqLVAUi3T5Tm3Qj89R939ynWASC7c83O-pFfweLrhczolPs3LFuKp7OV4PeZsXQvytPgkYCzVgV5kkaEqIg&amp;__tn__=*NK-R\" target=\"_blank\" rel=\"noopener\">#DIFMunicipal<\/a><a href=\"https:\/\/www.facebook.com\/hashtag\/alegr%C3%ADaydiversi%C3%B3n?__cft__[0]=AZalMO5SVNhHucgYKfzZcBjwEBYlhwaO7iYPZUf2_WW3SstuFl35q3FUBFnzkADrlkx9oGbDI_WWf3uKZjvAb2yGbc4_ycbL1GwVe_b3KVaJx-oRgqLVAUi3T5Tm3Qj89R939ynWASC7c83O-pFfweLrhczolPs3LFuKp7OV4PeZsXQvytPgkYCzVgV5kkaEqIg&amp;__tn__=*NK-R\" target=\"_blank\" rel=\"noopener\">#Alegr\u00edaYDiversi\u00f3n<\/a><\/p>\n\n\n\n<p><a href=\"https:\/\/www.facebook.com\/hashtag\/difixtacomitan?__cft__[0]=AZalMO5SVNhHucgYKfzZcBjwEBYlhwaO7iYPZUf2_WW3SstuFl35q3FUBFnzkADrlkx9oGbDI_WWf3uKZjvAb2yGbc4_ycbL1GwVe_b3KVaJx-oRgqLVAUi3T5Tm3Qj89R939ynWASC7c83O-pFfweLrhczolPs3LFuKp7OV4PeZsXQvytPgkYCzVgV5kkaEqIg&amp;__tn__=*NK-R\" target=\"_blank\" rel=\"noopener\">#DifIxtacomitan<\/a><\/p>\n\n\n\n<p><a href=\"https:\/\/www.facebook.com\/hashtag\/unidadtrabajoytransformacion?__cft__[0]=AZalMO5SVNhHucgYKfzZcBjwEBYlhwaO7iYPZUf2_WW3SstuFl35q3FUBFnzkADrlkx9oGbDI_WWf3uKZjvAb2yGbc4_ycbL1GwVe_b3KVaJx-oRgqLVAUi3T5Tm3Qj89R939ynWASC7c83O-pFfweLrhczolPs3LFuKp7OV4PeZsXQvytPgkYCzVgV5kkaEqIg&amp;__tn__=*NK-R\" target=\"_blank\" rel=\"noopener\">#UnidadTrabajoYTransformacion<\/a><\/p>\n","protected":false},"excerpt":{"rendered":"<p>El H. Ayuntamiento de Ixtacomit\u00e1n y DIF Municipal, que preside el ING Miguel Angel Moreno Palacios , en coordinaci\u00f3n con la Presidenta del DIF Municipal, la Mtra.Blanca Olivia Estrada Rueda, te invitan a festejar a lo m\u00e1s valioso de nuestros hogares: \u00a1nuestras ni\u00f1as y ni\u00f1os! Fecha: 28 de abril Lugar: Domo central Hora: A partir [&hellip;]<\/p>\n","protected":false},"author":1,"featured_media":141197,"comment_status":"closed","ping_status":"closed","sticky":false,"template":"","format":"standard","meta":{"footnotes":""},"categories":[1],"tags":[],"class_list":["post-141159","post","type-post","status-publish","format-standard","has-post-thumbnail","hentry","category-general"],"_links":{"self":[{"href":"https:\/\/elobservadorzonanorte.com.mx\/index.php?rest_route=\/wp\/v2\/posts\/141159","targetHints":{"allow":["GET"]}}],"collection":[{"href":"https:\/\/elobservadorzonanorte.com.mx\/index.php?rest_route=\/wp\/v2\/posts"}],"about":[{"href":"https:\/\/elobservadorzonanorte.com.mx\/index.php?rest_route=\/wp\/v2\/types\/post"}],"author":[{"embeddable":true,"href":"https:\/\/elobservadorzonanorte.com.mx\/index.php?rest_route=\/wp\/v2\/users\/1"}],"replies":[{"embeddable":true,"href":"https:\/\/elobservadorzonanorte.com.mx\/index.php?rest_route=%2Fwp%2Fv2%2Fcomments&post=141159"}],"version-history":[{"count":1,"href":"https:\/\/elobservadorzonanorte.com.mx\/index.php?rest_route=\/wp\/v2\/posts\/141159\/revisions"}],"predecessor-version":[{"id":141251,"href":"https:\/\/elobservadorzonanorte.com.mx\/index.php?rest_route=\/wp\/v2\/posts\/141159\/revisions\/141251"}],"wp:featuredmedia":[{"embeddable":true,"href":"https:\/\/elobservadorzonanorte.com.mx\/index.php?rest_route=\/wp\/v2\/media\/141197"}],"wp:attachment":[{"href":"https:\/\/elobservadorzonanorte.com.mx\/index.php?rest_route=%2Fwp%2Fv2%2Fmedia&parent=141159"}],"wp:term":[{"taxonomy":"category","embeddable":true,"href":"https:\/\/elobservadorzonanorte.com.mx\/index.php?rest_route=%2Fwp%2Fv2%2Fcategories&post=141159"},{"taxonomy":"post_tag","embeddable":true,"href":"https:\/\/elobservadorzonanorte.com.mx\/index.php?rest_route=%2Fwp%2Fv2%2Ftags&post=141159"}],"curies":[{"name":"wp","href":"https:\/\/api.w.org\/{rel}","templated":true}]}}