{"id":141154,"date":"2026-04-28T05:49:18","date_gmt":"2026-04-28T05:49:18","guid":{"rendered":"https:\/\/elobservadorzonanorte.com.mx\/?p=141154"},"modified":"2026-04-28T05:49:18","modified_gmt":"2026-04-28T05:49:18","slug":"participa-erlen-sanchez-hernandez-en-inauguracion-de-torneo-regional-gol-por-la-transformacion","status":"publish","type":"post","link":"https:\/\/elobservadorzonanorte.com.mx\/?p=141154","title":{"rendered":"Participa Erlen Sanchez Hernandez en inauguraci\u00f3n de torneo regional \u00abGol por la Transformaci\u00f3n\u00bb"},"content":{"rendered":"\n<figure class=\"wp-block-image size-full\"><img decoding=\"async\" width=\"590\" height=\"443\" src=\"https:\/\/elobservadorzonanorte.com.mx\/wp-content\/uploads\/2026\/04\/imagen-15-117.jpg\" alt=\"\" class=\"wp-image-141186\" srcset=\"https:\/\/elobservadorzonanorte.com.mx\/wp-content\/uploads\/2026\/04\/imagen-15-117.jpg 590w, https:\/\/elobservadorzonanorte.com.mx\/wp-content\/uploads\/2026\/04\/imagen-15-117-300x225.jpg 300w\" sizes=\"(max-width: 590px) 100vw, 590px\" \/><\/figure>\n\n\n\n<p>Este d\u00eda el presidente municipal Erlen S\u00e1nchez Hern\u00e1ndez asisti\u00f3 al municipio de Ixtapa para acompa\u00f1ar la inauguraci\u00f3n del torneo regional de f\u00fatbol en ambas ramas, \u201cGol por la Transformaci\u00f3n\u201d.<\/p>\n\n\n\n<p>En este importante encuentro participan con orgullo nuestros equipos representativos de Pueblo Nuevo Solistahuac\u00e1n, junto a delegaciones de los municipios que integran la Regi\u00f3n de Los Bosques.<\/p>\n\n\n\n<p>\u00abQuiero expresar mi reconocimiento sincero a cada una y uno de nuestros deportistas, mujeres y hombres que con esfuerzo, disciplina y pasi\u00f3n representan dignamente a sus comunidades. Este torneo, impulsado por el Instituto del Deporte de Chiapas, no solo fortalece el desarrollo deportivo, sino que tambi\u00e9n fomenta la convivencia, el respeto y la uni\u00f3n entre pueblos hermanos\u00bb.<\/p>\n\n\n\n<p>Estoy convencido de que el deporte es una herramienta fundamental para construir una mejor sociedad. En la ni\u00f1ez, en las y los j\u00f3venes, y tambi\u00e9n en las personas adultas, promueve h\u00e1bitos saludables, fortalece la mente y el cuerpo, y abre caminos alejados de las adicciones. Sigamos apost\u00e1ndole al deporte como un puente de unidad, bienestar y esperanza para nuestras comunidades.<\/p>\n\n\n\n<p><a href=\"https:\/\/www.facebook.com\/hashtag\/erlensanchezhernandez?__cft__[0]=AZbylL8MFise-elmLE10i_L3eZ9o0t0p7_QragcTptyBSMINVZLA57NMEGso7TNFg32WG1AyPVOXtaIPvBVUFEdkPT-6Kujxokmq8yZ0iFDtjJCC2aWOXeqKSx8ezwBlHD5YDFjsdxxbTUxm-M_3ltSC4-vyd24NcgLvkUWSn-4C_k09-QjoBMFvZ8USoPq0aX0&amp;__tn__=*NK-R\" target=\"_blank\" rel=\"noopener\">#ErlenSanchezHernandez<\/a>.<\/p>\n\n\n\n<p><a href=\"https:\/\/www.facebook.com\/profile.php?id=61585752843975&amp;__cft__[0]=AZbylL8MFise-elmLE10i_L3eZ9o0t0p7_QragcTptyBSMINVZLA57NMEGso7TNFg32WG1AyPVOXtaIPvBVUFEdkPT-6Kujxokmq8yZ0iFDtjJCC2aWOXeqKSx8ezwBlHD5YDFjsdxxbTUxm-M_3ltSC4-vyd24NcgLvkUWSn-4C_k09-QjoBMFvZ8USoPq0aX0&amp;__tn__=-]K-R\" target=\"_blank\" rel=\"noopener\">Rodriguez Estrada Neydi<\/a><\/p>\n\n\n\n<p><a href=\"https:\/\/www.facebook.com\/hashtag\/eldeporteesvida?__cft__[0]=AZbylL8MFise-elmLE10i_L3eZ9o0t0p7_QragcTptyBSMINVZLA57NMEGso7TNFg32WG1AyPVOXtaIPvBVUFEdkPT-6Kujxokmq8yZ0iFDtjJCC2aWOXeqKSx8ezwBlHD5YDFjsdxxbTUxm-M_3ltSC4-vyd24NcgLvkUWSn-4C_k09-QjoBMFvZ8USoPq0aX0&amp;__tn__=*NK-R\" target=\"_blank\" rel=\"noopener\">#ElDeporteEsVida<\/a>.<\/p>\n\n\n\n<p><a href=\"https:\/\/www.facebook.com\/hashtag\/trabajandoconhumanismo?__cft__[0]=AZbylL8MFise-elmLE10i_L3eZ9o0t0p7_QragcTptyBSMINVZLA57NMEGso7TNFg32WG1AyPVOXtaIPvBVUFEdkPT-6Kujxokmq8yZ0iFDtjJCC2aWOXeqKSx8ezwBlHD5YDFjsdxxbTUxm-M_3ltSC4-vyd24NcgLvkUWSn-4C_k09-QjoBMFvZ8USoPq0aX0&amp;__tn__=*NK-R\" target=\"_blank\" rel=\"noopener\">#TrabajandoConHumanismo<\/a><\/p>\n","protected":false},"excerpt":{"rendered":"<p>Este d\u00eda el presidente municipal Erlen S\u00e1nchez Hern\u00e1ndez asisti\u00f3 al municipio de Ixtapa para acompa\u00f1ar la inauguraci\u00f3n del torneo regional de f\u00fatbol en ambas ramas, \u201cGol por la Transformaci\u00f3n\u201d. En este importante encuentro participan con orgullo nuestros equipos representativos de Pueblo Nuevo Solistahuac\u00e1n, junto a delegaciones de los municipios que integran la Regi\u00f3n de Los [&hellip;]<\/p>\n","protected":false},"author":1,"featured_media":141186,"comment_status":"closed","ping_status":"closed","sticky":false,"template":"","format":"standard","meta":{"footnotes":""},"categories":[1],"tags":[],"class_list":["post-141154","post","type-post","status-publish","format-standard","has-post-thumbnail","hentry","category-general"],"_links":{"self":[{"href":"https:\/\/elobservadorzonanorte.com.mx\/index.php?rest_route=\/wp\/v2\/posts\/141154","targetHints":{"allow":["GET"]}}],"collection":[{"href":"https:\/\/elobservadorzonanorte.com.mx\/index.php?rest_route=\/wp\/v2\/posts"}],"about":[{"href":"https:\/\/elobservadorzonanorte.com.mx\/index.php?rest_route=\/wp\/v2\/types\/post"}],"author":[{"embeddable":true,"href":"https:\/\/elobservadorzonanorte.com.mx\/index.php?rest_route=\/wp\/v2\/users\/1"}],"replies":[{"embeddable":true,"href":"https:\/\/elobservadorzonanorte.com.mx\/index.php?rest_route=%2Fwp%2Fv2%2Fcomments&post=141154"}],"version-history":[{"count":1,"href":"https:\/\/elobservadorzonanorte.com.mx\/index.php?rest_route=\/wp\/v2\/posts\/141154\/revisions"}],"predecessor-version":[{"id":141244,"href":"https:\/\/elobservadorzonanorte.com.mx\/index.php?rest_route=\/wp\/v2\/posts\/141154\/revisions\/141244"}],"wp:featuredmedia":[{"embeddable":true,"href":"https:\/\/elobservadorzonanorte.com.mx\/index.php?rest_route=\/wp\/v2\/media\/141186"}],"wp:attachment":[{"href":"https:\/\/elobservadorzonanorte.com.mx\/index.php?rest_route=%2Fwp%2Fv2%2Fmedia&parent=141154"}],"wp:term":[{"taxonomy":"category","embeddable":true,"href":"https:\/\/elobservadorzonanorte.com.mx\/index.php?rest_route=%2Fwp%2Fv2%2Fcategories&post=141154"},{"taxonomy":"post_tag","embeddable":true,"href":"https:\/\/elobservadorzonanorte.com.mx\/index.php?rest_route=%2Fwp%2Fv2%2Ftags&post=141154"}],"curies":[{"name":"wp","href":"https:\/\/api.w.org\/{rel}","templated":true}]}}