{"id":141150,"date":"2026-04-28T05:48:56","date_gmt":"2026-04-28T05:48:56","guid":{"rendered":"https:\/\/elobservadorzonanorte.com.mx\/?p=141150"},"modified":"2026-04-28T05:48:57","modified_gmt":"2026-04-28T05:48:57","slug":"un-exito-la-cabalgata-solosuchiapa-2026","status":"publish","type":"post","link":"https:\/\/elobservadorzonanorte.com.mx\/?p=141150","title":{"rendered":"Un \u00e9xito la Cabalgata Solosuchiapa 2026"},"content":{"rendered":"\n<figure class=\"wp-block-image size-full\"><img decoding=\"async\" width=\"443\" height=\"590\" src=\"https:\/\/elobservadorzonanorte.com.mx\/wp-content\/uploads\/2026\/04\/imagen-15-112.jpg\" alt=\"\" class=\"wp-image-141181\" srcset=\"https:\/\/elobservadorzonanorte.com.mx\/wp-content\/uploads\/2026\/04\/imagen-15-112.jpg 443w, https:\/\/elobservadorzonanorte.com.mx\/wp-content\/uploads\/2026\/04\/imagen-15-112-225x300.jpg 225w\" sizes=\"(max-width: 443px) 100vw, 443px\" \/><\/figure>\n\n\n\n<figure class=\"wp-block-image size-full\"><img decoding=\"async\" width=\"332\" height=\"590\" src=\"https:\/\/elobservadorzonanorte.com.mx\/wp-content\/uploads\/2026\/04\/imagen-15-113.jpg\" alt=\"\" class=\"wp-image-141182\" srcset=\"https:\/\/elobservadorzonanorte.com.mx\/wp-content\/uploads\/2026\/04\/imagen-15-113.jpg 332w, https:\/\/elobservadorzonanorte.com.mx\/wp-content\/uploads\/2026\/04\/imagen-15-113-169x300.jpg 169w\" sizes=\"(max-width: 332px) 100vw, 332px\" \/><\/figure>\n\n\n\n<figure class=\"wp-block-image size-full\"><img decoding=\"async\" width=\"443\" height=\"590\" src=\"https:\/\/elobservadorzonanorte.com.mx\/wp-content\/uploads\/2026\/04\/imagen-15-114.jpg\" alt=\"\" class=\"wp-image-141183\" srcset=\"https:\/\/elobservadorzonanorte.com.mx\/wp-content\/uploads\/2026\/04\/imagen-15-114.jpg 443w, https:\/\/elobservadorzonanorte.com.mx\/wp-content\/uploads\/2026\/04\/imagen-15-114-225x300.jpg 225w\" sizes=\"(max-width: 443px) 100vw, 443px\" \/><\/figure>\n\n\n\n<p>En un ambiente c\u00e1lido, el presidente municipal <a href=\"https:\/\/www.facebook.com\/fernando.a.gomez.39?__cft__[0]=AZY1lZrNMuqM6TjIUdTUFSFoH7HHo_QergudzQ_7Y7PQiBqfoCtI5QmGfJDsbdnv2o6UrkQon0IOO1en58fODb_3xdoSRQj3VA3U65ZHUoldeqzgLtIXrtV_7Uo0Ggcw311WPoFfPZ6_UUO_CxA-Y0BrGfx5z3q75sOJflmnCsa2BUo2HJ2AcXwj2nv-U-BBQCA&amp;__tn__=-]K-R\" target=\"_blank\" rel=\"noopener\">Fernando Aparicio G\u00f3mez<\/a> encabez\u00f3 la tradicional cabalgata en honor la Santo Patrono Catalina de Siena.<\/p>\n\n\n\n<p>El edil, estuvo acompa\u00f1ado de hombres y mujeres de a caballo que disfrutaron sin duda alguna el recorrido.<\/p>\n\n\n\n<p>La cual concluy\u00f3 en las inmediaciones de la ganadera local donde en un ambiente de algarab\u00eda al m\u00e1ximo, m\u00fasica, convivencia y pura buena vibra durante uno de los momentos m\u00e1s esperados de la feria.<\/p>\n\n\n\n<p>Y d\u00f3nde el alcalde Fernando Aparicio G\u00f3mez agradeci\u00f3 a todos los participantes de esta singular cabalgata.<\/p>\n\n\n\n<p><a href=\"https:\/\/www.facebook.com\/hashtag\/feriasolosuchiapa2026?__cft__[0]=AZY1lZrNMuqM6TjIUdTUFSFoH7HHo_QergudzQ_7Y7PQiBqfoCtI5QmGfJDsbdnv2o6UrkQon0IOO1en58fODb_3xdoSRQj3VA3U65ZHUoldeqzgLtIXrtV_7Uo0Ggcw311WPoFfPZ6_UUO_CxA-Y0BrGfx5z3q75sOJflmnCsa2BUo2HJ2AcXwj2nv-U-BBQCA&amp;__tn__=*NK-R\" target=\"_blank\" rel=\"noopener\">#FeriaSolosuchiapa2026<\/a><a href=\"https:\/\/www.facebook.com\/hashtag\/cabalgata?__cft__[0]=AZY1lZrNMuqM6TjIUdTUFSFoH7HHo_QergudzQ_7Y7PQiBqfoCtI5QmGfJDsbdnv2o6UrkQon0IOO1en58fODb_3xdoSRQj3VA3U65ZHUoldeqzgLtIXrtV_7Uo0Ggcw311WPoFfPZ6_UUO_CxA-Y0BrGfx5z3q75sOJflmnCsa2BUo2HJ2AcXwj2nv-U-BBQCA&amp;__tn__=*NK-R\" target=\"_blank\" rel=\"noopener\">#Cabalgata<\/a><\/p>\n","protected":false},"excerpt":{"rendered":"<p>En un ambiente c\u00e1lido, el presidente municipal Fernando Aparicio G\u00f3mez encabez\u00f3 la tradicional cabalgata en honor la Santo Patrono Catalina de Siena. El edil, estuvo acompa\u00f1ado de hombres y mujeres de a caballo que disfrutaron sin duda alguna el recorrido. La cual concluy\u00f3 en las inmediaciones de la ganadera local donde en un ambiente de [&hellip;]<\/p>\n","protected":false},"author":1,"featured_media":141181,"comment_status":"closed","ping_status":"closed","sticky":false,"template":"","format":"standard","meta":{"footnotes":""},"categories":[1],"tags":[],"class_list":["post-141150","post","type-post","status-publish","format-standard","has-post-thumbnail","hentry","category-general"],"_links":{"self":[{"href":"https:\/\/elobservadorzonanorte.com.mx\/index.php?rest_route=\/wp\/v2\/posts\/141150","targetHints":{"allow":["GET"]}}],"collection":[{"href":"https:\/\/elobservadorzonanorte.com.mx\/index.php?rest_route=\/wp\/v2\/posts"}],"about":[{"href":"https:\/\/elobservadorzonanorte.com.mx\/index.php?rest_route=\/wp\/v2\/types\/post"}],"author":[{"embeddable":true,"href":"https:\/\/elobservadorzonanorte.com.mx\/index.php?rest_route=\/wp\/v2\/users\/1"}],"replies":[{"embeddable":true,"href":"https:\/\/elobservadorzonanorte.com.mx\/index.php?rest_route=%2Fwp%2Fv2%2Fcomments&post=141150"}],"version-history":[{"count":1,"href":"https:\/\/elobservadorzonanorte.com.mx\/index.php?rest_route=\/wp\/v2\/posts\/141150\/revisions"}],"predecessor-version":[{"id":141241,"href":"https:\/\/elobservadorzonanorte.com.mx\/index.php?rest_route=\/wp\/v2\/posts\/141150\/revisions\/141241"}],"wp:featuredmedia":[{"embeddable":true,"href":"https:\/\/elobservadorzonanorte.com.mx\/index.php?rest_route=\/wp\/v2\/media\/141181"}],"wp:attachment":[{"href":"https:\/\/elobservadorzonanorte.com.mx\/index.php?rest_route=%2Fwp%2Fv2%2Fmedia&parent=141150"}],"wp:term":[{"taxonomy":"category","embeddable":true,"href":"https:\/\/elobservadorzonanorte.com.mx\/index.php?rest_route=%2Fwp%2Fv2%2Fcategories&post=141150"},{"taxonomy":"post_tag","embeddable":true,"href":"https:\/\/elobservadorzonanorte.com.mx\/index.php?rest_route=%2Fwp%2Fv2%2Ftags&post=141150"}],"curies":[{"name":"wp","href":"https:\/\/api.w.org\/{rel}","templated":true}]}}