{"id":141145,"date":"2026-04-28T05:47:29","date_gmt":"2026-04-28T05:47:29","guid":{"rendered":"https:\/\/elobservadorzonanorte.com.mx\/?p=141145"},"modified":"2026-04-28T05:47:29","modified_gmt":"2026-04-28T05:47:29","slug":"festejamos-esta-fecha-especial-con-las-ninas-y-ninos-de-pichucalco","status":"publish","type":"post","link":"https:\/\/elobservadorzonanorte.com.mx\/?p=141145","title":{"rendered":"\u00a1Festejamos esta fecha especial con las ni\u00f1as y ni\u00f1os de #Pichucalco!"},"content":{"rendered":"<p><iframe loading=\"lazy\" src=\"https:\/\/www.facebook.com\/plugins\/video.php?height=476&#038;href=https%3A%2F%2Fwww.facebook.com%2Freel%2F848252674262186%2F&#038;show_text=false&#038;width=261&#038;t=0\" width=\"261\" height=\"476\" style=\"border:none;overflow:hidden\" scrolling=\"no\" frameborder=\"0\" allowfullscreen=\"true\" allow=\"autoplay; clipboard-write; encrypted-media; picture-in-picture; web-share\" allowFullScreen=\"true\"><\/iframe><\/p>\n\n\n\n<p>No te pierdas de este gran evento que organizan Pichucalco Gobierno Municipal 2024 &#8211; 2027 que preside el Alcalde Andr\u00e9s <a href=\"https:\/\/www.facebook.com\/andrescarballocordova?__cft__[0]=AZZ-GSzkU8yRIA6ah7URtjh9FVNkBM_RCzpSKkbqMTSC-Mc35fTyvriV3WXwrXalINewzb-y5wfJrIN3qeLtKtyWf4T7Zw8xPJyJ6HkTg8WBh45byRFkyB1AcCmdg-nGDaMeXtTZ6hNaWIAvN3rgeBaI9VJMlGssgUFN71gKlc8cdQZy6zRk6OHIVtNYJjcpJKk1X-ClLddKiXD4ufbVQS7f&amp;__tn__=-]K-R\" target=\"_blank\" rel=\"noopener\">Andres Carballo Cordova<\/a> y el DIF Municipal Pichucalco bajo el liderazgo de la presidenta honoraria Ana Karen Castillo Bibiloni:<\/p>\n\n\n\n<p>\u00a1Feliz D\u00eda de la ni\u00f1a y el ni\u00f1o!<\/p>\n\n\n\n<figure class=\"wp-block-video\"><\/figure>\n","protected":false},"excerpt":{"rendered":"<p>No te pierdas de este gran evento que organizan Pichucalco Gobierno Municipal 2024 &#8211; 2027 que preside el Alcalde Andr\u00e9s Andres Carballo Cordova y el DIF Municipal Pichucalco bajo el liderazgo de la presidenta honoraria Ana Karen Castillo Bibiloni: \u00a1Feliz D\u00eda de la ni\u00f1a y el ni\u00f1o!<\/p>\n","protected":false},"author":1,"featured_media":0,"comment_status":"closed","ping_status":"closed","sticky":false,"template":"","format":"standard","meta":{"footnotes":""},"categories":[1],"tags":[],"class_list":["post-141145","post","type-post","status-publish","format-standard","hentry","category-general"],"_links":{"self":[{"href":"https:\/\/elobservadorzonanorte.com.mx\/index.php?rest_route=\/wp\/v2\/posts\/141145","targetHints":{"allow":["GET"]}}],"collection":[{"href":"https:\/\/elobservadorzonanorte.com.mx\/index.php?rest_route=\/wp\/v2\/posts"}],"about":[{"href":"https:\/\/elobservadorzonanorte.com.mx\/index.php?rest_route=\/wp\/v2\/types\/post"}],"author":[{"embeddable":true,"href":"https:\/\/elobservadorzonanorte.com.mx\/index.php?rest_route=\/wp\/v2\/users\/1"}],"replies":[{"embeddable":true,"href":"https:\/\/elobservadorzonanorte.com.mx\/index.php?rest_route=%2Fwp%2Fv2%2Fcomments&post=141145"}],"version-history":[{"count":1,"href":"https:\/\/elobservadorzonanorte.com.mx\/index.php?rest_route=\/wp\/v2\/posts\/141145\/revisions"}],"predecessor-version":[{"id":141233,"href":"https:\/\/elobservadorzonanorte.com.mx\/index.php?rest_route=\/wp\/v2\/posts\/141145\/revisions\/141233"}],"wp:attachment":[{"href":"https:\/\/elobservadorzonanorte.com.mx\/index.php?rest_route=%2Fwp%2Fv2%2Fmedia&parent=141145"}],"wp:term":[{"taxonomy":"category","embeddable":true,"href":"https:\/\/elobservadorzonanorte.com.mx\/index.php?rest_route=%2Fwp%2Fv2%2Fcategories&post=141145"},{"taxonomy":"post_tag","embeddable":true,"href":"https:\/\/elobservadorzonanorte.com.mx\/index.php?rest_route=%2Fwp%2Fv2%2Ftags&post=141145"}],"curies":[{"name":"wp","href":"https:\/\/api.w.org\/{rel}","templated":true}]}}