{"id":141095,"date":"2026-04-27T04:37:57","date_gmt":"2026-04-27T04:37:57","guid":{"rendered":"https:\/\/elobservadorzonanorte.com.mx\/?p=141095"},"modified":"2026-04-27T04:37:58","modified_gmt":"2026-04-27T04:37:58","slug":"prevencion-que-transforma-fortalecen-educacion-en-salud-sexual-para-adolescentes","status":"publish","type":"post","link":"https:\/\/elobservadorzonanorte.com.mx\/?p=141095","title":{"rendered":"Prevenci\u00f3n que transforma: fortalecen educaci\u00f3n en salud sexual para adolescentes"},"content":{"rendered":"\n<figure class=\"wp-block-image size-large\"><img decoding=\"async\" width=\"600\" height=\"400\" src=\"https:\/\/elobservadorzonanorte.com.mx\/wp-content\/uploads\/2026\/04\/imagen-15-105-600x400.jpg\" alt=\"\" class=\"wp-image-141109\" srcset=\"https:\/\/elobservadorzonanorte.com.mx\/wp-content\/uploads\/2026\/04\/imagen-15-105-600x400.jpg 600w, https:\/\/elobservadorzonanorte.com.mx\/wp-content\/uploads\/2026\/04\/imagen-15-105-300x200.jpg 300w, https:\/\/elobservadorzonanorte.com.mx\/wp-content\/uploads\/2026\/04\/imagen-15-105-768x512.jpg 768w, https:\/\/elobservadorzonanorte.com.mx\/wp-content\/uploads\/2026\/04\/imagen-15-105.jpg 810w\" sizes=\"(max-width: 600px) 100vw, 600px\" \/><\/figure>\n\n\n\n<p>\u2022 Impulsan el autocuidado, la toma de decisiones informadas y la prevenci\u00f3n de riesgos en adolescentes<\/p>\n\n\n\n<p>Como parte del compromiso por garantizar el bienestar integral de las y los estudiantes, la Secretar\u00eda de Educaci\u00f3n, encabezada por Roger Mandujano, a trav\u00e9s de la Unidad de Igualdad de G\u00e9nero, dio inicio a las \u201cJornadas de talleres de sensibilizaci\u00f3n en temas de salud sexual y reproductiva para adolescentes\u201d, desde la Escuela Secundaria del Estado, en Tuxtla Guti\u00e9rrez.<\/p>\n\n\n\n<p>Alineadas a la visi\u00f3n de transformaci\u00f3n que impulsa el gobernador, Eduardo Ram\u00edrez Aguilar, y en coordinaci\u00f3n con la Secretar\u00eda de Salud; acompa\u00f1adas de Ruth Moreno Cruz, representante de la Coordinaci\u00f3n de Planificaci\u00f3n Familiar y Salud Sexual y Reproductiva, estas jornadas se consolidan como una estrategia preventiva que brinda informaci\u00f3n oportuna y herramientas pr\u00e1cticas para fortalecer el autocuidado, la toma de decisiones responsables y la reducci\u00f3n de riesgos en la poblaci\u00f3n adolescente.<\/p>\n\n\n\n<p>Durante la jornada se imparti\u00f3 el taller \u201cSensibilizaci\u00f3n en temas de salud sexual y reproductiva\u201d, as\u00ed como la entrega de kits de menstruaci\u00f3n digna; acciones que refuerzan la prevenci\u00f3n del embarazo adolescente, la promoci\u00f3n de la salud y el desarrollo integral, al tiempo que fomentan una cultura de responsabilidad, respeto y cuidado personal.<\/p>\n\n\n\n<p>El director de la Escuela Secundaria del Estado, Jorge L\u00f3pez Becerra, destac\u00f3 la relevancia de estas iniciativas: \u201cEstamos comprometidos en seguir impulsando espacios que adem\u00e1s de fortalecer el aprendizaje, contribuyen a la prevenci\u00f3n y al bienestar de nuestras y nuestros estudiantes\u201d.<\/p>\n\n\n\n<p>En representaci\u00f3n del titular educativo, el director de Educaci\u00f3n B\u00e1sica, Jos\u00e9 Hugo Campos Flores, subray\u00f3 la importancia de la coordinaci\u00f3n interinstitucional y reconoci\u00f3 la participaci\u00f3n de la comunidad educativa, se\u00f1alando que estos esfuerzos permiten anticipar riesgos y fortalecer la formaci\u00f3n integral del alumnado.<\/p>\n\n\n\n<p>\u201cHablar de sexualidad desde un enfoque preventivo es hablar de respeto, de cuidado y de responsabilidad. Es brindar a las y los j\u00f3venes las herramientas necesarias para tomar decisiones informadas que impacten positivamente su presente y su futuro. En este proceso, el acompa\u00f1amiento docente es fundamental\u201d, expres\u00f3.<\/p>\n\n\n\n<p>En representaci\u00f3n de la Unidad de Igualdad de G\u00e9nero (UIG), Harumy Figueroa Garc\u00eda, directora de Evaluaci\u00f3n de Programas Institucionales y responsable de la Institucionalizaci\u00f3n, Gesti\u00f3n P\u00fablica y Cultura Institucional de la UIG, destac\u00f3 las acciones que se impulsan de manera coordinada para fortalecer la perspectiva de g\u00e9nero y prevenir la violencia al interior de la dependencia.<\/p>\n\n\n\n<p>Entre estas iniciativas sobresalen la implementaci\u00f3n del Buz\u00f3n Violeta, un canal seguro de escucha y atenci\u00f3n, as\u00ed como la realizaci\u00f3n de espacios de reflexi\u00f3n orientados a visibilizar y atender situaciones de vulnerabilidad, promoviendo entornos m\u00e1s justos, igualitarios y libres de violencia.<\/p>\n\n\n\n<p>Estas jornadas reafirman el compromiso de la Secretar\u00eda de Educaci\u00f3n de promover entornos escolares seguros, informados y libres de violencia, donde la prevenci\u00f3n, el respeto y la dignidad sean pilares para el desarrollo pleno de ni\u00f1as, ni\u00f1os y adolescentes, contribuyendo as\u00ed a la construcci\u00f3n de proyectos de vida saludables.<\/p>\n","protected":false},"excerpt":{"rendered":"<p>\u2022 Impulsan el autocuidado, la toma de decisiones informadas y la prevenci\u00f3n de riesgos en adolescentes Como parte del compromiso por garantizar el bienestar integral de las y los estudiantes, la Secretar\u00eda de Educaci\u00f3n, encabezada por Roger Mandujano, a trav\u00e9s de la Unidad de Igualdad de G\u00e9nero, dio inicio a las \u201cJornadas de talleres de [&hellip;]<\/p>\n","protected":false},"author":1,"featured_media":141109,"comment_status":"closed","ping_status":"closed","sticky":false,"template":"","format":"standard","meta":{"footnotes":""},"categories":[1],"tags":[],"class_list":["post-141095","post","type-post","status-publish","format-standard","has-post-thumbnail","hentry","category-general"],"_links":{"self":[{"href":"https:\/\/elobservadorzonanorte.com.mx\/index.php?rest_route=\/wp\/v2\/posts\/141095","targetHints":{"allow":["GET"]}}],"collection":[{"href":"https:\/\/elobservadorzonanorte.com.mx\/index.php?rest_route=\/wp\/v2\/posts"}],"about":[{"href":"https:\/\/elobservadorzonanorte.com.mx\/index.php?rest_route=\/wp\/v2\/types\/post"}],"author":[{"embeddable":true,"href":"https:\/\/elobservadorzonanorte.com.mx\/index.php?rest_route=\/wp\/v2\/users\/1"}],"replies":[{"embeddable":true,"href":"https:\/\/elobservadorzonanorte.com.mx\/index.php?rest_route=%2Fwp%2Fv2%2Fcomments&post=141095"}],"version-history":[{"count":1,"href":"https:\/\/elobservadorzonanorte.com.mx\/index.php?rest_route=\/wp\/v2\/posts\/141095\/revisions"}],"predecessor-version":[{"id":141144,"href":"https:\/\/elobservadorzonanorte.com.mx\/index.php?rest_route=\/wp\/v2\/posts\/141095\/revisions\/141144"}],"wp:featuredmedia":[{"embeddable":true,"href":"https:\/\/elobservadorzonanorte.com.mx\/index.php?rest_route=\/wp\/v2\/media\/141109"}],"wp:attachment":[{"href":"https:\/\/elobservadorzonanorte.com.mx\/index.php?rest_route=%2Fwp%2Fv2%2Fmedia&parent=141095"}],"wp:term":[{"taxonomy":"category","embeddable":true,"href":"https:\/\/elobservadorzonanorte.com.mx\/index.php?rest_route=%2Fwp%2Fv2%2Fcategories&post=141095"},{"taxonomy":"post_tag","embeddable":true,"href":"https:\/\/elobservadorzonanorte.com.mx\/index.php?rest_route=%2Fwp%2Fv2%2Ftags&post=141095"}],"curies":[{"name":"wp","href":"https:\/\/api.w.org\/{rel}","templated":true}]}}