{"id":141057,"date":"2026-04-27T04:37:05","date_gmt":"2026-04-27T04:37:05","guid":{"rendered":"https:\/\/elobservadorzonanorte.com.mx\/?p=141057"},"modified":"2026-04-27T04:37:06","modified_gmt":"2026-04-27T04:37:06","slug":"eduardo-ramirez-encabeza-arranque-de-la-semana-nacional-de-vacunacion-2026-en-chiapas-2","status":"publish","type":"post","link":"https:\/\/elobservadorzonanorte.com.mx\/?p=141057","title":{"rendered":"*Eduardo Ram\u00edrez encabeza arranque de la Semana Nacional de Vacunaci\u00f3n 2026 en Chiapas*"},"content":{"rendered":"<p><iframe loading=\"lazy\" src=\"https:\/\/www.facebook.com\/plugins\/video.php?height=476&#038;href=https%3A%2F%2Fwww.facebook.com%2Freel%2F953900330943765%2F&#038;show_text=false&#038;width=267&#038;t=0\" width=\"267\" height=\"476\" style=\"border:none;overflow:hidden\" scrolling=\"no\" frameborder=\"0\" allowfullscreen=\"true\" allow=\"autoplay; clipboard-write; encrypted-media; picture-in-picture; web-share\" allowFullScreen=\"true\"><\/iframe><\/p>\n\n\n\n<p>Al encabezar el arranque de la Semana Nacional de Vacunaci\u00f3n 2026, desde el municipio de Tuxtla Guti\u00e9rrez, el gobernador Eduardo Ram\u00edrez Aguilar subray\u00f3 que, gracias al compromiso de la ciudadan\u00eda y a la coordinaci\u00f3n entre autoridades federales y estatales de salud, Chiapas avanz\u00f3 de la posici\u00f3n 30 al segundo lugar nacional en cobertura de vacunaci\u00f3n durante 2025. Se\u00f1al\u00f3 que la meta es alcanzar el primer lugar en el presente a\u00f1o.<\/p>\n\n\n\n<p>El mandatario afirm\u00f3 que vacunar es un acto de amor, ya que protege la salud y la vida de las personas, por lo que convoc\u00f3 a la poblaci\u00f3n a acudir a los centros de salud para aplicarse las vacunas correspondientes y prevenir enfermedades. En ese marco, reconoci\u00f3 la labor humanista de las brigadas de vacunaci\u00f3n que recorren colonias, barrios y ejidos para fortalecer la prevenci\u00f3n y resguardar a las y los chiapanecos frente a enfermedades.<\/p>\n\n\n\n<figure class=\"wp-block-video\"><\/figure>\n","protected":false},"excerpt":{"rendered":"<p>Al encabezar el arranque de la Semana Nacional de Vacunaci\u00f3n 2026, desde el municipio de Tuxtla Guti\u00e9rrez, el gobernador Eduardo Ram\u00edrez Aguilar subray\u00f3 que, gracias al compromiso de la ciudadan\u00eda y a la coordinaci\u00f3n entre autoridades federales y estatales de salud, Chiapas avanz\u00f3 de la posici\u00f3n 30 al segundo lugar nacional en cobertura de vacunaci\u00f3n [&hellip;]<\/p>\n","protected":false},"author":1,"featured_media":141089,"comment_status":"closed","ping_status":"closed","sticky":false,"template":"","format":"standard","meta":{"footnotes":""},"categories":[1],"tags":[],"class_list":["post-141057","post","type-post","status-publish","format-standard","has-post-thumbnail","hentry","category-general"],"_links":{"self":[{"href":"https:\/\/elobservadorzonanorte.com.mx\/index.php?rest_route=\/wp\/v2\/posts\/141057","targetHints":{"allow":["GET"]}}],"collection":[{"href":"https:\/\/elobservadorzonanorte.com.mx\/index.php?rest_route=\/wp\/v2\/posts"}],"about":[{"href":"https:\/\/elobservadorzonanorte.com.mx\/index.php?rest_route=\/wp\/v2\/types\/post"}],"author":[{"embeddable":true,"href":"https:\/\/elobservadorzonanorte.com.mx\/index.php?rest_route=\/wp\/v2\/users\/1"}],"replies":[{"embeddable":true,"href":"https:\/\/elobservadorzonanorte.com.mx\/index.php?rest_route=%2Fwp%2Fv2%2Fcomments&post=141057"}],"version-history":[{"count":1,"href":"https:\/\/elobservadorzonanorte.com.mx\/index.php?rest_route=\/wp\/v2\/posts\/141057\/revisions"}],"predecessor-version":[{"id":141140,"href":"https:\/\/elobservadorzonanorte.com.mx\/index.php?rest_route=\/wp\/v2\/posts\/141057\/revisions\/141140"}],"wp:featuredmedia":[{"embeddable":true,"href":"https:\/\/elobservadorzonanorte.com.mx\/index.php?rest_route=\/wp\/v2\/media\/141089"}],"wp:attachment":[{"href":"https:\/\/elobservadorzonanorte.com.mx\/index.php?rest_route=%2Fwp%2Fv2%2Fmedia&parent=141057"}],"wp:term":[{"taxonomy":"category","embeddable":true,"href":"https:\/\/elobservadorzonanorte.com.mx\/index.php?rest_route=%2Fwp%2Fv2%2Fcategories&post=141057"},{"taxonomy":"post_tag","embeddable":true,"href":"https:\/\/elobservadorzonanorte.com.mx\/index.php?rest_route=%2Fwp%2Fv2%2Ftags&post=141057"}],"curies":[{"name":"wp","href":"https:\/\/api.w.org\/{rel}","templated":true}]}}