{"id":141056,"date":"2026-04-27T04:36:55","date_gmt":"2026-04-27T04:36:55","guid":{"rendered":"https:\/\/elobservadorzonanorte.com.mx\/?p=141056"},"modified":"2026-04-27T04:36:58","modified_gmt":"2026-04-27T04:36:58","slug":"eduardo-ramirez-encabeza-arranque-de-la-semana-nacional-de-vacunacion-2026-en-chiapas","status":"publish","type":"post","link":"https:\/\/elobservadorzonanorte.com.mx\/?p=141056","title":{"rendered":"*Eduardo Ram\u00edrez encabeza arranque de la Semana Nacional de Vacunaci\u00f3n 2026 en Chiapas*"},"content":{"rendered":"\n<figure class=\"wp-block-image size-full\"><img decoding=\"async\" width=\"590\" height=\"394\" src=\"https:\/\/elobservadorzonanorte.com.mx\/wp-content\/uploads\/2026\/04\/imagen-15-92.jpg\" alt=\"\" class=\"wp-image-141086\" srcset=\"https:\/\/elobservadorzonanorte.com.mx\/wp-content\/uploads\/2026\/04\/imagen-15-92.jpg 590w, https:\/\/elobservadorzonanorte.com.mx\/wp-content\/uploads\/2026\/04\/imagen-15-92-300x200.jpg 300w\" sizes=\"(max-width: 590px) 100vw, 590px\" \/><\/figure>\n\n\n\n<figure class=\"wp-block-image size-full\"><img decoding=\"async\" width=\"590\" height=\"394\" src=\"https:\/\/elobservadorzonanorte.com.mx\/wp-content\/uploads\/2026\/04\/imagen-15-93.jpg\" alt=\"\" class=\"wp-image-141087\" srcset=\"https:\/\/elobservadorzonanorte.com.mx\/wp-content\/uploads\/2026\/04\/imagen-15-93.jpg 590w, https:\/\/elobservadorzonanorte.com.mx\/wp-content\/uploads\/2026\/04\/imagen-15-93-300x200.jpg 300w\" sizes=\"(max-width: 590px) 100vw, 590px\" \/><\/figure>\n\n\n\n<figure class=\"wp-block-image size-full\"><img decoding=\"async\" width=\"590\" height=\"394\" src=\"https:\/\/elobservadorzonanorte.com.mx\/wp-content\/uploads\/2026\/04\/imagen-15-94.jpg\" alt=\"\" class=\"wp-image-141088\" srcset=\"https:\/\/elobservadorzonanorte.com.mx\/wp-content\/uploads\/2026\/04\/imagen-15-94.jpg 590w, https:\/\/elobservadorzonanorte.com.mx\/wp-content\/uploads\/2026\/04\/imagen-15-94-300x200.jpg 300w\" sizes=\"(max-width: 590px) 100vw, 590px\" \/><\/figure>\n\n\n\n<figure class=\"wp-block-image size-full\"><img decoding=\"async\" width=\"590\" height=\"394\" src=\"https:\/\/elobservadorzonanorte.com.mx\/wp-content\/uploads\/2026\/04\/imagen-15-95.jpg\" alt=\"\" class=\"wp-image-141089\" srcset=\"https:\/\/elobservadorzonanorte.com.mx\/wp-content\/uploads\/2026\/04\/imagen-15-95.jpg 590w, https:\/\/elobservadorzonanorte.com.mx\/wp-content\/uploads\/2026\/04\/imagen-15-95-300x200.jpg 300w\" sizes=\"(max-width: 590px) 100vw, 590px\" \/><\/figure>\n\n\n\n<p>&#8211; Convoc\u00f3 a la poblaci\u00f3n a acudir a los centros de salud para aplicarse las vacunas correspondientes y prevenir enfermedades<\/p>\n\n\n\n<p>Durante el arranque de la Semana Nacional de Vacunaci\u00f3n 2026, el gobernador Eduardo Ram\u00edrez Aguilar afirm\u00f3 que vacunar es un acto de amor, ya que protege la salud y la vida de las personas. En ese sentido, reconoci\u00f3 la labor humanista de las brigadas de vacunaci\u00f3n que recorren colonias, barrios y ejidos para fortalecer la prevenci\u00f3n y resguardar a la poblaci\u00f3n frente a enfermedades.<\/p>\n\n\n\n<p>Desde la colonia Las Granjas, en Tuxtla Guti\u00e9rrez, el mandatario destac\u00f3 que, gracias al compromiso de la ciudadan\u00eda y a la coordinaci\u00f3n entre autoridades federales y estatales de salud, Chiapas avanz\u00f3 de la posici\u00f3n 30 al segundo lugar nacional en cobertura de vacunaci\u00f3n durante 2025. Se\u00f1al\u00f3 que la meta es alcanzar el primer lugar en el presente a\u00f1o.<\/p>\n\n\n\n<p>Ram\u00edrez Aguilar convoc\u00f3 a la poblaci\u00f3n a acudir a los centros de salud para aplicarse las vacunas correspondientes y prevenir enfermedades. \u201cEl 80 por ciento de las enfermedades se pueden combatir a trav\u00e9s de las vacunas. Si nos vacunamos, nos preparamos para cuidarnos. Invito a todas y todos a participar y a invitar a sus vecinos a esta campa\u00f1a que se realizar\u00e1 hasta el 2 de mayo\u201d, expres\u00f3.<\/p>\n\n\n\n<p>En este marco, reiter\u00f3 el llamado a las y los chiapanecos a seguir las recomendaciones de autocuidado ante las altas temperaturas, as\u00ed como a participar en acciones de descacharrizaci\u00f3n y limpieza en los hogares, con el objetivo de evitar la proliferaci\u00f3n del mosquito transmisor del dengue, zika y chikunguya durante la temporada de lluvias.<\/p>\n\n\n\n<p>El secretario de Salud, Omar G\u00f3mez Cruz, puntualiz\u00f3 que esta jornada, que contempla la aplicaci\u00f3n de 168 mil dosis del 25 de abril al 2 de mayo, representa una oportunidad para avanzar hacia la cobertura universal, al acercar servicios gratuitos a todas las comunidades sin distinci\u00f3n.<\/p>\n\n\n\n<p>Asimismo, inform\u00f3 que se fortaleci\u00f3 el sistema de salud con la contrataci\u00f3n de 250 brigadistas que realizan recorridos casa por casa, y agreg\u00f3 que en lo que va de la administraci\u00f3n se han aplicado m\u00e1s de dos millones de dosis contra el sarampi\u00f3n, lo que permiti\u00f3 contener la enfermedad y elevar en 400 por ciento la productividad en este rubro.<\/p>\n\n\n\n<p>Por su parte, el presidente municipal de Tuxtla Guti\u00e9rrez, Angel Torres Culebro, destac\u00f3 el liderazgo del gobernador Eduardo Ram\u00edrez y valor\u00f3 el trabajo coordinado que se mantiene para acercar servicios de salud a las colonias, as\u00ed como la implementaci\u00f3n de acciones con enfoque humanista que contribuyen a mejorar la calidad de vida de la poblaci\u00f3n.<\/p>\n\n\n\n<p>Estuvieron presentes el director general del Isstech, Luis Ignacio Avenda\u00f1o Berm\u00fadez; el subdelegado m\u00e9dico del Issste en Chiapas, Carlos Alberto Dom\u00ednguez Maldonado; el titular del \u00d3rgano de Operaci\u00f3n Administrativa Desconcentrada del IMSS en Chiapas, Hermilo Dom\u00ednguez Z\u00e1rate; el coordinador m\u00e9dico del IMSS Coplamar, Sa\u00fal Madrid Tovilla; la diputada local por el Distrito I, Marcela Castillo Atristain; el representante de la VII Regi\u00f3n Militar, Jes\u00fas Enrique Gonz\u00e1les Castro; entre otras personas.<\/p>\n","protected":false},"excerpt":{"rendered":"<p>&#8211; Convoc\u00f3 a la poblaci\u00f3n a acudir a los centros de salud para aplicarse las vacunas correspondientes y prevenir enfermedades Durante el arranque de la Semana Nacional de Vacunaci\u00f3n 2026, el gobernador Eduardo Ram\u00edrez Aguilar afirm\u00f3 que vacunar es un acto de amor, ya que protege la salud y la vida de las personas. En [&hellip;]<\/p>\n","protected":false},"author":1,"featured_media":141088,"comment_status":"closed","ping_status":"closed","sticky":false,"template":"","format":"standard","meta":{"footnotes":""},"categories":[1],"tags":[],"class_list":["post-141056","post","type-post","status-publish","format-standard","has-post-thumbnail","hentry","category-general"],"_links":{"self":[{"href":"https:\/\/elobservadorzonanorte.com.mx\/index.php?rest_route=\/wp\/v2\/posts\/141056","targetHints":{"allow":["GET"]}}],"collection":[{"href":"https:\/\/elobservadorzonanorte.com.mx\/index.php?rest_route=\/wp\/v2\/posts"}],"about":[{"href":"https:\/\/elobservadorzonanorte.com.mx\/index.php?rest_route=\/wp\/v2\/types\/post"}],"author":[{"embeddable":true,"href":"https:\/\/elobservadorzonanorte.com.mx\/index.php?rest_route=\/wp\/v2\/users\/1"}],"replies":[{"embeddable":true,"href":"https:\/\/elobservadorzonanorte.com.mx\/index.php?rest_route=%2Fwp%2Fv2%2Fcomments&post=141056"}],"version-history":[{"count":1,"href":"https:\/\/elobservadorzonanorte.com.mx\/index.php?rest_route=\/wp\/v2\/posts\/141056\/revisions"}],"predecessor-version":[{"id":141139,"href":"https:\/\/elobservadorzonanorte.com.mx\/index.php?rest_route=\/wp\/v2\/posts\/141056\/revisions\/141139"}],"wp:featuredmedia":[{"embeddable":true,"href":"https:\/\/elobservadorzonanorte.com.mx\/index.php?rest_route=\/wp\/v2\/media\/141088"}],"wp:attachment":[{"href":"https:\/\/elobservadorzonanorte.com.mx\/index.php?rest_route=%2Fwp%2Fv2%2Fmedia&parent=141056"}],"wp:term":[{"taxonomy":"category","embeddable":true,"href":"https:\/\/elobservadorzonanorte.com.mx\/index.php?rest_route=%2Fwp%2Fv2%2Fcategories&post=141056"},{"taxonomy":"post_tag","embeddable":true,"href":"https:\/\/elobservadorzonanorte.com.mx\/index.php?rest_route=%2Fwp%2Fv2%2Ftags&post=141056"}],"curies":[{"name":"wp","href":"https:\/\/api.w.org\/{rel}","templated":true}]}}