{"id":141055,"date":"2026-04-27T04:36:37","date_gmt":"2026-04-27T04:36:37","guid":{"rendered":"https:\/\/elobservadorzonanorte.com.mx\/?p=141055"},"modified":"2026-04-27T04:36:38","modified_gmt":"2026-04-27T04:36:38","slug":"el-h-ayuntamiento-constitucional-de-amatan-que-preside-el-amigo-del-pueblo-majin-aguilar-utrilla-te-invita-a-la-gran-inauguracion-del-parque-central-que-marca-el-rumbo-de-la-transformacion-de-nue-2","status":"publish","type":"post","link":"https:\/\/elobservadorzonanorte.com.mx\/?p=141055","title":{"rendered":"El H. Ayuntamiento Constitucional de Amat\u00e1n, que preside el Amigo del Pueblo, Majin Aguilar Utrilla, te invita a la GRAN INAUGURACI\u00d3N DEL PARQUE CENTRAL, que marca el rumbo de la transformaci\u00f3n de nuestro municipio."},"content":{"rendered":"\n<figure class=\"wp-block-image size-large\"><img decoding=\"async\" width=\"600\" height=\"495\" src=\"https:\/\/elobservadorzonanorte.com.mx\/wp-content\/uploads\/2026\/04\/imagen-15-88-600x495.jpg\" alt=\"\" class=\"wp-image-141082\" srcset=\"https:\/\/elobservadorzonanorte.com.mx\/wp-content\/uploads\/2026\/04\/imagen-15-88-600x495.jpg 600w, https:\/\/elobservadorzonanorte.com.mx\/wp-content\/uploads\/2026\/04\/imagen-15-88-300x248.jpg 300w, https:\/\/elobservadorzonanorte.com.mx\/wp-content\/uploads\/2026\/04\/imagen-15-88.jpg 640w\" sizes=\"(max-width: 600px) 100vw, 600px\" \/><\/figure>\n\n\n\n<p><img decoding=\"async\" height=\"16\" width=\"16\" src=\"https:\/\/static.xx.fbcdn.net\/images\/emoji.php\/v9\/t9b\/1\/16\/1f468_200d_1f469_200d_1f467_200d_1f466.png\" alt=\"\ud83d\udc68\u200d\ud83d\udc69\u200d\ud83d\udc67\u200d\ud83d\udc66\"> Ven con tu familia y s\u00e9 testigo de esta nueva obra que representa Progreso, Bienestar y Unidad para todas y todos.<\/p>\n\n\n\n<p><img decoding=\"async\" height=\"16\" width=\"16\" alt=\"\ud83d\udcc5\" src=\"https:\/\/static.xx.fbcdn.net\/images\/emoji.php\/v9\/t7e\/1\/16\/1f4c5.png\"> Mi\u00e9rcoles 29 de abril<\/p>\n\n\n\n<p><img decoding=\"async\" height=\"16\" width=\"16\" alt=\"\ud83d\udd53\" src=\"https:\/\/static.xx.fbcdn.net\/images\/emoji.php\/v9\/t2b\/1\/16\/1f553.png\"> 4:00 de la tarde<\/p>\n\n\n\n<p><img decoding=\"async\" height=\"16\" width=\"16\" alt=\"\ud83d\udccd\" src=\"https:\/\/static.xx.fbcdn.net\/images\/emoji.php\/v9\/t2d\/1\/16\/1f4cd.png\"> Parque Central de Amat\u00e1n<\/p>\n\n\n\n<p><img decoding=\"async\" height=\"16\" width=\"16\" alt=\"\ud83c\udfb6\" src=\"https:\/\/static.xx.fbcdn.net\/images\/emoji.php\/v9\/t1f\/1\/16\/1f3b6.png\"><img decoding=\"async\" height=\"16\" width=\"16\" alt=\"\ud83d\udc83\" src=\"https:\/\/static.xx.fbcdn.net\/images\/emoji.php\/v9\/tc7\/1\/16\/1f483.png\"> \u00a1Y la celebraci\u00f3n contin\u00faa!<\/p>\n\n\n\n<p>Al t\u00e9rmino del acto inaugural, disfruta de un gran baile completamente familiar, porque este logro\u2026 \u00a1Es de todos y para todos!<\/p>\n\n\n\n<p>\u00a1Unidos por una Nueva ERA!<\/p>\n\n\n\n<p><a href=\"https:\/\/www.facebook.com\/hashtag\/transformaci%C3%B3nhumanista?__cft__[0]=AZaKHjGqyd3tyHrAkgLAEK2sRtx7s8b9_yekO5Xm5xXY2Pu2cd-4bGUGoa49p9eJI2RzrEJhfZ0abiexxWdKgs483cmQybYH-GF94zcv1DbxXe5yo12qUPfzdgQ4dnBFScJGvDN7j38aqDnDwTT2hTlbQ7MriNGpyeiaH0selYT-AOQngg2eUZXT3KgLudtp84k&amp;__tn__=*NK-R\" target=\"_blank\" rel=\"noopener\">#Transformaci\u00f3nHumanista<\/a><\/p>\n\n\n\n<p><a href=\"https:\/\/www.facebook.com\/hashtag\/ayuntamientodeamatan?__cft__[0]=AZaKHjGqyd3tyHrAkgLAEK2sRtx7s8b9_yekO5Xm5xXY2Pu2cd-4bGUGoa49p9eJI2RzrEJhfZ0abiexxWdKgs483cmQybYH-GF94zcv1DbxXe5yo12qUPfzdgQ4dnBFScJGvDN7j38aqDnDwTT2hTlbQ7MriNGpyeiaH0selYT-AOQngg2eUZXT3KgLudtp84k&amp;__tn__=*NK-R\" target=\"_blank\" rel=\"noopener\">#AyuntamientoDeAmatan<\/a><\/p>\n\n\n\n<p><a href=\"https:\/\/www.facebook.com\/hashtag\/compromisoconelpueblo?__cft__[0]=AZaKHjGqyd3tyHrAkgLAEK2sRtx7s8b9_yekO5Xm5xXY2Pu2cd-4bGUGoa49p9eJI2RzrEJhfZ0abiexxWdKgs483cmQybYH-GF94zcv1DbxXe5yo12qUPfzdgQ4dnBFScJGvDN7j38aqDnDwTT2hTlbQ7MriNGpyeiaH0selYT-AOQngg2eUZXT3KgLudtp84k&amp;__tn__=*NK-R\" target=\"_blank\" rel=\"noopener\">#CompromisoConElPueblo<\/a><\/p>\n\n\n\n<p><a href=\"https:\/\/www.facebook.com\/hashtag\/majinaguilar?__cft__[0]=AZaKHjGqyd3tyHrAkgLAEK2sRtx7s8b9_yekO5Xm5xXY2Pu2cd-4bGUGoa49p9eJI2RzrEJhfZ0abiexxWdKgs483cmQybYH-GF94zcv1DbxXe5yo12qUPfzdgQ4dnBFScJGvDN7j38aqDnDwTT2hTlbQ7MriNGpyeiaH0selYT-AOQngg2eUZXT3KgLudtp84k&amp;__tn__=*NK-R\" target=\"_blank\" rel=\"noopener\">#MajinAguilar<\/a><\/p>\n\n\n\n<p><a href=\"https:\/\/www.facebook.com\/hashtag\/presidente?__cft__[0]=AZaKHjGqyd3tyHrAkgLAEK2sRtx7s8b9_yekO5Xm5xXY2Pu2cd-4bGUGoa49p9eJI2RzrEJhfZ0abiexxWdKgs483cmQybYH-GF94zcv1DbxXe5yo12qUPfzdgQ4dnBFScJGvDN7j38aqDnDwTT2hTlbQ7MriNGpyeiaH0selYT-AOQngg2eUZXT3KgLudtp84k&amp;__tn__=*NK-R\" target=\"_blank\" rel=\"noopener\">#Presidente<\/a><\/p>\n","protected":false},"excerpt":{"rendered":"<p>Ven con tu familia y s\u00e9 testigo de esta nueva obra que representa Progreso, Bienestar y Unidad para todas y todos. Mi\u00e9rcoles 29 de abril 4:00 de la tarde Parque Central de Amat\u00e1n \u00a1Y la celebraci\u00f3n contin\u00faa! Al t\u00e9rmino del acto inaugural, disfruta de un gran baile completamente familiar, porque este logro\u2026 \u00a1Es de todos [&hellip;]<\/p>\n","protected":false},"author":1,"featured_media":141082,"comment_status":"closed","ping_status":"closed","sticky":false,"template":"","format":"standard","meta":{"footnotes":""},"categories":[1],"tags":[],"class_list":["post-141055","post","type-post","status-publish","format-standard","has-post-thumbnail","hentry","category-general"],"_links":{"self":[{"href":"https:\/\/elobservadorzonanorte.com.mx\/index.php?rest_route=\/wp\/v2\/posts\/141055","targetHints":{"allow":["GET"]}}],"collection":[{"href":"https:\/\/elobservadorzonanorte.com.mx\/index.php?rest_route=\/wp\/v2\/posts"}],"about":[{"href":"https:\/\/elobservadorzonanorte.com.mx\/index.php?rest_route=\/wp\/v2\/types\/post"}],"author":[{"embeddable":true,"href":"https:\/\/elobservadorzonanorte.com.mx\/index.php?rest_route=\/wp\/v2\/users\/1"}],"replies":[{"embeddable":true,"href":"https:\/\/elobservadorzonanorte.com.mx\/index.php?rest_route=%2Fwp%2Fv2%2Fcomments&post=141055"}],"version-history":[{"count":1,"href":"https:\/\/elobservadorzonanorte.com.mx\/index.php?rest_route=\/wp\/v2\/posts\/141055\/revisions"}],"predecessor-version":[{"id":141137,"href":"https:\/\/elobservadorzonanorte.com.mx\/index.php?rest_route=\/wp\/v2\/posts\/141055\/revisions\/141137"}],"wp:featuredmedia":[{"embeddable":true,"href":"https:\/\/elobservadorzonanorte.com.mx\/index.php?rest_route=\/wp\/v2\/media\/141082"}],"wp:attachment":[{"href":"https:\/\/elobservadorzonanorte.com.mx\/index.php?rest_route=%2Fwp%2Fv2%2Fmedia&parent=141055"}],"wp:term":[{"taxonomy":"category","embeddable":true,"href":"https:\/\/elobservadorzonanorte.com.mx\/index.php?rest_route=%2Fwp%2Fv2%2Fcategories&post=141055"},{"taxonomy":"post_tag","embeddable":true,"href":"https:\/\/elobservadorzonanorte.com.mx\/index.php?rest_route=%2Fwp%2Fv2%2Ftags&post=141055"}],"curies":[{"name":"wp","href":"https:\/\/api.w.org\/{rel}","templated":true}]}}