{"id":141045,"date":"2026-04-27T04:35:16","date_gmt":"2026-04-27T04:35:16","guid":{"rendered":"https:\/\/elobservadorzonanorte.com.mx\/?p=141045"},"modified":"2026-04-27T04:35:17","modified_gmt":"2026-04-27T04:35:17","slug":"el-pichucalco-gobierno-municipal-2024-2027-que-preside-el-alcalde-andres-carballo-cordova-en-coordinacion-con-el-dif-municipal-que-encabeza-la-lic-ana-karen-castillo-bibiloni-te-invitan","status":"publish","type":"post","link":"https:\/\/elobservadorzonanorte.com.mx\/?p=141045","title":{"rendered":"El Pichucalco Gobierno Municipal 2024 &#8211; 2027 que preside el Alcalde Andres Carballo Cordova , en coordinaci\u00f3n con el DIF Municipal que encabeza la Lic. Ana Karen Castillo Bibiloni te invitan:"},"content":{"rendered":"\n<figure class=\"wp-block-image\"><img decoding=\"async\" src=\"https:\/\/scontent-qro1-1.xx.fbcdn.net\/v\/t39.30808-6\/680131528_3397610743741230_8269008468472995475_n.jpg?stp=dst-jpg_s640x640_tt6&amp;_nc_cat=104&amp;ccb=1-7&amp;_nc_sid=13d280&amp;_nc_ohc=8QrZYeHDw3gQ7kNvwGA7lLK&amp;_nc_oc=Ado1cGl1ULQ6zMheFJhxmRrhMGNpb-Sx946L6tbeZh_Xv51JLY2IuCUbT5iEPPqkj-Q&amp;_nc_zt=23&amp;_nc_ht=scontent-qro1-1.xx&amp;_nc_gid=ZmSrLClJpXEgfDgvK67dBQ&amp;_nc_ss=7b2a8&amp;oh=00_Af2Yl8H0XqfOPrlTn_GMbPcNRdr-K4R_j9JU3kN7ifrGgw&amp;oe=69F4CBFF\" alt=\"Puede ser una imagen de texto que dice &quot;AyuntamiantoMunici Municipal Pichucalco, Chiapas 2024 2027 D\u00cdADEL DEL PRESENTA: ni\u00f1o En PICHUCALCO Ven \u03b1 disfrutar con nosotros ESTE 29 DE ABRIL A LAS 4:00 P doble.oficial doble tatiana 29 de'abril de A Alas4:00PM Las 4:00 Tatinand at\u00fcmund Doble Ofcil rR Rodr\u00edguez PRESENTANDO ESENTANDOUNTRIBUT UNITRIBUTO BELY Y LARA CAMPOS PARQUE DE FERIA PICHUCALCO Ent\u00e9rate m\u00e1s detal nuestras edes @PainesCompany www.painescompany.com PALNES&quot;\"\/><\/figure>\n","protected":false},"excerpt":{"rendered":"","protected":false},"author":1,"featured_media":141070,"comment_status":"closed","ping_status":"closed","sticky":false,"template":"","format":"standard","meta":{"footnotes":""},"categories":[1],"tags":[],"class_list":["post-141045","post","type-post","status-publish","format-standard","has-post-thumbnail","hentry","category-general"],"_links":{"self":[{"href":"https:\/\/elobservadorzonanorte.com.mx\/index.php?rest_route=\/wp\/v2\/posts\/141045","targetHints":{"allow":["GET"]}}],"collection":[{"href":"https:\/\/elobservadorzonanorte.com.mx\/index.php?rest_route=\/wp\/v2\/posts"}],"about":[{"href":"https:\/\/elobservadorzonanorte.com.mx\/index.php?rest_route=\/wp\/v2\/types\/post"}],"author":[{"embeddable":true,"href":"https:\/\/elobservadorzonanorte.com.mx\/index.php?rest_route=\/wp\/v2\/users\/1"}],"replies":[{"embeddable":true,"href":"https:\/\/elobservadorzonanorte.com.mx\/index.php?rest_route=%2Fwp%2Fv2%2Fcomments&post=141045"}],"version-history":[{"count":1,"href":"https:\/\/elobservadorzonanorte.com.mx\/index.php?rest_route=\/wp\/v2\/posts\/141045\/revisions"}],"predecessor-version":[{"id":141127,"href":"https:\/\/elobservadorzonanorte.com.mx\/index.php?rest_route=\/wp\/v2\/posts\/141045\/revisions\/141127"}],"wp:featuredmedia":[{"embeddable":true,"href":"https:\/\/elobservadorzonanorte.com.mx\/index.php?rest_route=\/wp\/v2\/media\/141070"}],"wp:attachment":[{"href":"https:\/\/elobservadorzonanorte.com.mx\/index.php?rest_route=%2Fwp%2Fv2%2Fmedia&parent=141045"}],"wp:term":[{"taxonomy":"category","embeddable":true,"href":"https:\/\/elobservadorzonanorte.com.mx\/index.php?rest_route=%2Fwp%2Fv2%2Fcategories&post=141045"},{"taxonomy":"post_tag","embeddable":true,"href":"https:\/\/elobservadorzonanorte.com.mx\/index.php?rest_route=%2Fwp%2Fv2%2Ftags&post=141045"}],"curies":[{"name":"wp","href":"https:\/\/api.w.org\/{rel}","templated":true}]}}