{"id":141044,"date":"2026-04-27T04:35:34","date_gmt":"2026-04-27T04:35:34","guid":{"rendered":"https:\/\/elobservadorzonanorte.com.mx\/?p=141044"},"modified":"2026-04-27T04:35:35","modified_gmt":"2026-04-27T04:35:35","slug":"el-gobierno-municipal-de-pichucalco-que-preside-el-maestro-andres-carballo-cordova-en-coordinacion-con-el-dif-municipal-pichucalco-que-encabeza-la-lic-ana-karen-castillo-bibiloni-anuncia-que-la-ce","status":"publish","type":"post","link":"https:\/\/elobservadorzonanorte.com.mx\/?p=141044","title":{"rendered":"El Gobierno Municipal de Pichucalco que preside el maestro Andr\u00e9s Carballo C\u00f3rdova, en coordinaci\u00f3n con el DIF Municipal Pichucalco que encabeza la Lic. Ana Karen Castillo Bibiloni, anuncia que, la CELEBRACI\u00d3N del D\u00eda de la Ni\u00f1a y el Ni\u00f1o tiene nueva fecha"},"content":{"rendered":"\n<figure class=\"wp-block-image size-large\"><img decoding=\"async\" width=\"463\" height=\"600\" src=\"https:\/\/elobservadorzonanorte.com.mx\/wp-content\/uploads\/2026\/04\/imagen-15-81-463x600.jpg\" alt=\"\" class=\"wp-image-141075\" srcset=\"https:\/\/elobservadorzonanorte.com.mx\/wp-content\/uploads\/2026\/04\/imagen-15-81-463x600.jpg 463w, https:\/\/elobservadorzonanorte.com.mx\/wp-content\/uploads\/2026\/04\/imagen-15-81-232x300.jpg 232w, https:\/\/elobservadorzonanorte.com.mx\/wp-content\/uploads\/2026\/04\/imagen-15-81.jpg 526w\" sizes=\"(max-width: 463px) 100vw, 463px\" \/><\/figure>\n\n\n\n<p>Apunta bien y \u00a1No faltes!<\/p>\n\n\n\n<p><img decoding=\"async\" height=\"16\" width=\"16\" alt=\"\ud83d\udccd\" src=\"https:\/\/static.xx.fbcdn.net\/images\/emoji.php\/v9\/t2d\/1\/16\/1f4cd.png\">Parque de la Feria Pichucalco<\/p>\n\n\n\n<p><img decoding=\"async\" height=\"16\" width=\"16\" alt=\"\ud83d\uddd3\ufe0f\" src=\"https:\/\/static.xx.fbcdn.net\/images\/emoji.php\/v9\/t5c\/1\/16\/1f5d3.png\">Mi\u00e9rcoles 29 de abril<\/p>\n\n\n\n<p><img decoding=\"async\" height=\"16\" width=\"16\" alt=\"\ud83d\udd53\" src=\"https:\/\/static.xx.fbcdn.net\/images\/emoji.php\/v9\/t2b\/1\/16\/1f553.png\">04:00 de la tarde<\/p>\n\n\n\n<p>Trae ropa c\u00f3moda y disfruta al m\u00e1ximo de la mejor celebraci\u00f3n del a\u00f1o <img decoding=\"async\" height=\"16\" width=\"16\" alt=\"\ud83c\udf89\" src=\"https:\/\/static.xx.fbcdn.net\/images\/emoji.php\/v9\/t8c\/1\/16\/1f389.png\"><img decoding=\"async\" height=\"16\" width=\"16\" alt=\"\ud83e\udd73\" src=\"https:\/\/static.xx.fbcdn.net\/images\/emoji.php\/v9\/t6d\/1\/16\/1f973.png\"><\/p>\n\n\n\n<p><a href=\"https:\/\/www.facebook.com\/hashtag\/accionesquecontribuyenalcambio?__cft__[0]=AZbw1K5dUdjnZvIV-aUT4_majxBXb4rFi5ghUX0Bg_y5nwNEzfM5WazWNtP4BASnEktcJ0ALZnCa4UxsRYP3-RC-XnEPVqwZUY0LCUo2mLMJuaJQw-4NGhFMvLBK5oPHq8pr4qybcWKFq2JGCwXEAieBCv1s2tJD11NShYu9PW-Ggh3yrpKhYZZIuK6RhAqGhWc&amp;__tn__=*NK-R\" target=\"_blank\" rel=\"noopener\">#AccionesQueContribuyenAlCambio<\/a><a href=\"https:\/\/www.facebook.com\/hashtag\/d%C3%ADadelni%C3%B1o?__cft__[0]=AZbw1K5dUdjnZvIV-aUT4_majxBXb4rFi5ghUX0Bg_y5nwNEzfM5WazWNtP4BASnEktcJ0ALZnCa4UxsRYP3-RC-XnEPVqwZUY0LCUo2mLMJuaJQw-4NGhFMvLBK5oPHq8pr4qybcWKFq2JGCwXEAieBCv1s2tJD11NShYu9PW-Ggh3yrpKhYZZIuK6RhAqGhWc&amp;__tn__=*NK-R\" target=\"_blank\" rel=\"noopener\">#D\u00edaDelNi\u00f1o<\/a><a href=\"https:\/\/www.facebook.com\/hashtag\/pichucalco?__cft__[0]=AZbw1K5dUdjnZvIV-aUT4_majxBXb4rFi5ghUX0Bg_y5nwNEzfM5WazWNtP4BASnEktcJ0ALZnCa4UxsRYP3-RC-XnEPVqwZUY0LCUo2mLMJuaJQw-4NGhFMvLBK5oPHq8pr4qybcWKFq2JGCwXEAieBCv1s2tJD11NShYu9PW-Ggh3yrpKhYZZIuK6RhAqGhWc&amp;__tn__=*NK-R\" target=\"_blank\" rel=\"noopener\">#Pichucalco<\/a><a href=\"https:\/\/www.facebook.com\/hashtag\/pichucalco?__cft__[0]=AZbw1K5dUdjnZvIV-aUT4_majxBXb4rFi5ghUX0Bg_y5nwNEzfM5WazWNtP4BASnEktcJ0ALZnCa4UxsRYP3-RC-XnEPVqwZUY0LCUo2mLMJuaJQw-4NGhFMvLBK5oPHq8pr4qybcWKFq2JGCwXEAieBCv1s2tJD11NShYu9PW-Ggh3yrpKhYZZIuK6RhAqGhWc&amp;__tn__=*NK-R\" target=\"_blank\" rel=\"noopener\">#Pichucalco<\/a><\/p>\n","protected":false},"excerpt":{"rendered":"<p>Apunta bien y \u00a1No faltes! Parque de la Feria Pichucalco Mi\u00e9rcoles 29 de abril 04:00 de la tarde Trae ropa c\u00f3moda y disfruta al m\u00e1ximo de la mejor celebraci\u00f3n del a\u00f1o #AccionesQueContribuyenAlCambio#D\u00edaDelNi\u00f1o#Pichucalco#Pichucalco<\/p>\n","protected":false},"author":1,"featured_media":141075,"comment_status":"closed","ping_status":"closed","sticky":false,"template":"","format":"standard","meta":{"footnotes":""},"categories":[1],"tags":[],"class_list":["post-141044","post","type-post","status-publish","format-standard","has-post-thumbnail","hentry","category-general"],"_links":{"self":[{"href":"https:\/\/elobservadorzonanorte.com.mx\/index.php?rest_route=\/wp\/v2\/posts\/141044","targetHints":{"allow":["GET"]}}],"collection":[{"href":"https:\/\/elobservadorzonanorte.com.mx\/index.php?rest_route=\/wp\/v2\/posts"}],"about":[{"href":"https:\/\/elobservadorzonanorte.com.mx\/index.php?rest_route=\/wp\/v2\/types\/post"}],"author":[{"embeddable":true,"href":"https:\/\/elobservadorzonanorte.com.mx\/index.php?rest_route=\/wp\/v2\/users\/1"}],"replies":[{"embeddable":true,"href":"https:\/\/elobservadorzonanorte.com.mx\/index.php?rest_route=%2Fwp%2Fv2%2Fcomments&post=141044"}],"version-history":[{"count":1,"href":"https:\/\/elobservadorzonanorte.com.mx\/index.php?rest_route=\/wp\/v2\/posts\/141044\/revisions"}],"predecessor-version":[{"id":141129,"href":"https:\/\/elobservadorzonanorte.com.mx\/index.php?rest_route=\/wp\/v2\/posts\/141044\/revisions\/141129"}],"wp:featuredmedia":[{"embeddable":true,"href":"https:\/\/elobservadorzonanorte.com.mx\/index.php?rest_route=\/wp\/v2\/media\/141075"}],"wp:attachment":[{"href":"https:\/\/elobservadorzonanorte.com.mx\/index.php?rest_route=%2Fwp%2Fv2%2Fmedia&parent=141044"}],"wp:term":[{"taxonomy":"category","embeddable":true,"href":"https:\/\/elobservadorzonanorte.com.mx\/index.php?rest_route=%2Fwp%2Fv2%2Fcategories&post=141044"},{"taxonomy":"post_tag","embeddable":true,"href":"https:\/\/elobservadorzonanorte.com.mx\/index.php?rest_route=%2Fwp%2Fv2%2Ftags&post=141044"}],"curies":[{"name":"wp","href":"https:\/\/api.w.org\/{rel}","templated":true}]}}