{"id":141040,"date":"2026-04-27T04:34:54","date_gmt":"2026-04-27T04:34:54","guid":{"rendered":"https:\/\/elobservadorzonanorte.com.mx\/?p=141040"},"modified":"2026-04-27T04:34:56","modified_gmt":"2026-04-27T04:34:56","slug":"gobierno-municipal-se-suma-al-inicio-de-la-jornada-nacional-de-vacunacion-2026-en-beneficio-de-la-salud-de-las-familias","status":"publish","type":"post","link":"https:\/\/elobservadorzonanorte.com.mx\/?p=141040","title":{"rendered":"GOBIERNO MUNICIPAL SE SUMA AL INICIO DE LA JORNADA NACIONAL DE VACUNACI\u00d3N 2026 EN BENEFICIO DE LA SALUD DE LAS FAMILIAS"},"content":{"rendered":"\n<figure class=\"wp-block-image size-large\"><img decoding=\"async\" width=\"600\" height=\"400\" src=\"https:\/\/elobservadorzonanorte.com.mx\/wp-content\/uploads\/2026\/04\/imagen-15-78-600x400.jpg\" alt=\"\" class=\"wp-image-141072\" srcset=\"https:\/\/elobservadorzonanorte.com.mx\/wp-content\/uploads\/2026\/04\/imagen-15-78-600x400.jpg 600w, https:\/\/elobservadorzonanorte.com.mx\/wp-content\/uploads\/2026\/04\/imagen-15-78-300x200.jpg 300w, https:\/\/elobservadorzonanorte.com.mx\/wp-content\/uploads\/2026\/04\/imagen-15-78-768x512.jpg 768w, https:\/\/elobservadorzonanorte.com.mx\/wp-content\/uploads\/2026\/04\/imagen-15-78.jpg 810w\" sizes=\"(max-width: 600px) 100vw, 600px\" \/><\/figure>\n\n\n\n<p>El Gobierno Municipal, que preside Oscar Serra Cantoral en coordinaci\u00f3n con la Secretar\u00eda de Salud del Estado, llev\u00f3 a cabo el inicio de la Jornada Nacional de Vacunaci\u00f3n 2026, la cual se desarrollar\u00e1 del 25 de abril al 2 de mayo, enfocada en completar los esquemas de vacunaci\u00f3n bajo el lema \u201cVacunar es amar\u201d, con el objetivo de proteger la salud de la poblaci\u00f3n y prevenir enfermedades.<\/p>\n\n\n\n<p>En representaci\u00f3n del presidente municipal, asisti\u00f3 el Regidor Jes\u00fas Silva Arzat, acompa\u00f1ado de la Directora de la Direcci\u00f3n de Salud Municipal, Enia Danae Hern\u00e1ndez Hern\u00e1ndez, y del Jefe de la Jurisdicci\u00f3n Sanitaria V Norte, Guillermo Gordillo Penagos, quienes dieron el arranque oficial de esta importante jornada en la Col. El Triunfo 2da. Secci\u00f3n.<\/p>\n\n\n\n<p>Durante esta campa\u00f1a se estar\u00e1n aplicando dosis gratuitas a ni\u00f1os menores de 10 a\u00f1os, adolescentes, mujeres embarazadas y adultos mayores, tanto en los centros de salud como en puestos m\u00f3viles, con la finalidad de garantizar que la poblaci\u00f3n cuente con su esquema de vacunaci\u00f3n completo y actualizado.<\/p>\n\n\n\n<p>Las autoridades de salud hicieron un llamado a la ciudadan\u00eda a participar activamente en esta jornada, acudiendo a los m\u00f3dulos correspondientes y aprovechando este servicio gratuito que contribuye a fortalecer la prevenci\u00f3n y el bienestar de las familias.<\/p>\n\n\n\n<p>Con estas acciones, el Gobierno Municipal reafirma su compromiso de trabajar de manera coordinada con las instituciones de salud para proteger la salud p\u00fablica y promover una cultura de prevenci\u00f3n en beneficio de toda la poblaci\u00f3n.<\/p>\n\n\n\n<p><a href=\"https:\/\/www.facebook.com\/hashtag\/siemprecontigo?__cft__[0]=AZb_r7BisUTIhKmAK0dweS0bMj32-Sjy3rXPKFSn27WTJJYv8u2vxJHgurpIuAviTZsVH7WBsk6GFroMZWIeGO-zIcJ89wLixVuqmww8W9-SDb_ty0q5OocCkTyCOoiDWaNM8xcX8e8O1Em0SSKaiGzRV8ItsHow_3afnzS0LW_id1Tn9ol3CIMhejqFETtAeR4&amp;__tn__=*NK-R\" target=\"_blank\" rel=\"noopener\">#SiempreContigo<\/a><\/p>\n\n\n\n<p><a href=\"https:\/\/www.facebook.com\/hashtag\/sigamoshaciendolojuntos?__cft__[0]=AZb_r7BisUTIhKmAK0dweS0bMj32-Sjy3rXPKFSn27WTJJYv8u2vxJHgurpIuAviTZsVH7WBsk6GFroMZWIeGO-zIcJ89wLixVuqmww8W9-SDb_ty0q5OocCkTyCOoiDWaNM8xcX8e8O1Em0SSKaiGzRV8ItsHow_3afnzS0LW_id1Tn9ol3CIMhejqFETtAeR4&amp;__tn__=*NK-R\" target=\"_blank\" rel=\"noopener\">#SigamosHaciendoloJuntos<\/a><\/p>\n\n\n\n<p><a href=\"https:\/\/www.facebook.com\/hashtag\/humanismoquetransforma?__cft__[0]=AZb_r7BisUTIhKmAK0dweS0bMj32-Sjy3rXPKFSn27WTJJYv8u2vxJHgurpIuAviTZsVH7WBsk6GFroMZWIeGO-zIcJ89wLixVuqmww8W9-SDb_ty0q5OocCkTyCOoiDWaNM8xcX8e8O1Em0SSKaiGzRV8ItsHow_3afnzS0LW_id1Tn9ol3CIMhejqFETtAeR4&amp;__tn__=*NK-R\" target=\"_blank\" rel=\"noopener\">#HumanismoQueTransforma<\/a><\/p>\n","protected":false},"excerpt":{"rendered":"<p>El Gobierno Municipal, que preside Oscar Serra Cantoral en coordinaci\u00f3n con la Secretar\u00eda de Salud del Estado, llev\u00f3 a cabo el inicio de la Jornada Nacional de Vacunaci\u00f3n 2026, la cual se desarrollar\u00e1 del 25 de abril al 2 de mayo, enfocada en completar los esquemas de vacunaci\u00f3n bajo el lema \u201cVacunar es amar\u201d, con [&hellip;]<\/p>\n","protected":false},"author":1,"featured_media":141072,"comment_status":"closed","ping_status":"closed","sticky":false,"template":"","format":"standard","meta":{"footnotes":""},"categories":[1],"tags":[],"class_list":["post-141040","post","type-post","status-publish","format-standard","has-post-thumbnail","hentry","category-general"],"_links":{"self":[{"href":"https:\/\/elobservadorzonanorte.com.mx\/index.php?rest_route=\/wp\/v2\/posts\/141040","targetHints":{"allow":["GET"]}}],"collection":[{"href":"https:\/\/elobservadorzonanorte.com.mx\/index.php?rest_route=\/wp\/v2\/posts"}],"about":[{"href":"https:\/\/elobservadorzonanorte.com.mx\/index.php?rest_route=\/wp\/v2\/types\/post"}],"author":[{"embeddable":true,"href":"https:\/\/elobservadorzonanorte.com.mx\/index.php?rest_route=\/wp\/v2\/users\/1"}],"replies":[{"embeddable":true,"href":"https:\/\/elobservadorzonanorte.com.mx\/index.php?rest_route=%2Fwp%2Fv2%2Fcomments&post=141040"}],"version-history":[{"count":1,"href":"https:\/\/elobservadorzonanorte.com.mx\/index.php?rest_route=\/wp\/v2\/posts\/141040\/revisions"}],"predecessor-version":[{"id":141124,"href":"https:\/\/elobservadorzonanorte.com.mx\/index.php?rest_route=\/wp\/v2\/posts\/141040\/revisions\/141124"}],"wp:featuredmedia":[{"embeddable":true,"href":"https:\/\/elobservadorzonanorte.com.mx\/index.php?rest_route=\/wp\/v2\/media\/141072"}],"wp:attachment":[{"href":"https:\/\/elobservadorzonanorte.com.mx\/index.php?rest_route=%2Fwp%2Fv2%2Fmedia&parent=141040"}],"wp:term":[{"taxonomy":"category","embeddable":true,"href":"https:\/\/elobservadorzonanorte.com.mx\/index.php?rest_route=%2Fwp%2Fv2%2Fcategories&post=141040"},{"taxonomy":"post_tag","embeddable":true,"href":"https:\/\/elobservadorzonanorte.com.mx\/index.php?rest_route=%2Fwp%2Fv2%2Ftags&post=141040"}],"curies":[{"name":"wp","href":"https:\/\/api.w.org\/{rel}","templated":true}]}}