{"id":141035,"date":"2026-04-27T04:33:48","date_gmt":"2026-04-27T04:33:48","guid":{"rendered":"https:\/\/elobservadorzonanorte.com.mx\/?p=141035"},"modified":"2026-04-27T04:33:49","modified_gmt":"2026-04-27T04:33:49","slug":"nuestras-ninas-y-ninos-son-el-corazon-de-este-gobierno-humanista","status":"publish","type":"post","link":"https:\/\/elobservadorzonanorte.com.mx\/?p=141035","title":{"rendered":"Nuestras ni\u00f1as y ni\u00f1os son el coraz\u00f3n de este gobierno humanista."},"content":{"rendered":"\n<figure class=\"wp-block-image size-large\"><img decoding=\"async\" width=\"600\" height=\"400\" src=\"https:\/\/elobservadorzonanorte.com.mx\/wp-content\/uploads\/2026\/04\/imagen-15-71-600x400.jpg\" alt=\"\" class=\"wp-image-141065\" srcset=\"https:\/\/elobservadorzonanorte.com.mx\/wp-content\/uploads\/2026\/04\/imagen-15-71-600x400.jpg 600w, https:\/\/elobservadorzonanorte.com.mx\/wp-content\/uploads\/2026\/04\/imagen-15-71-300x200.jpg 300w, https:\/\/elobservadorzonanorte.com.mx\/wp-content\/uploads\/2026\/04\/imagen-15-71-768x513.jpg 768w, https:\/\/elobservadorzonanorte.com.mx\/wp-content\/uploads\/2026\/04\/imagen-15-71.jpg 809w\" sizes=\"(max-width: 600px) 100vw, 600px\" \/><\/figure>\n\n\n\n<p>Llegamos con A Paso Firme a la Primaria C\u00e1mara Nacional de Comercio para entregar apoyos de este programa creado por nuestro gobernador, Eduardo Ram\u00edrez.<\/p>\n\n\n\n<p>Es un paso m\u00e1s para que todas y todos sigan estudiando con dignidad, seguridad y confianza.<\/p>\n\n\n\n<p><a href=\"https:\/\/www.facebook.com\/hashtag\/humanismoquetransforma?__cft__[0]=AZbyfyAr6O_ONtp4jxCeCskUN4HhijBrfYPrGWNinUGX6PS8S6EN-RHaIR5um4KHvp_nVd4xT7G2zF5E-1lN3JFu3BTKRMqWrKkrmwhzQfHBu2j6EwBv-jp5kG_wTrHgAfIoBwCtmcohPvCD79Epjp4CKPppmPpQiOZREJ5DZ2LqRVrLMLTOjxbQf6yFjLB74Rg&amp;__tn__=*NK-R\" target=\"_blank\" rel=\"noopener\">#HumanismoQueTransforma<\/a><\/p>\n\n\n\n<p><a href=\"https:\/\/www.facebook.com\/hashtag\/humanismoenacci%C3%B3n?__cft__[0]=AZbyfyAr6O_ONtp4jxCeCskUN4HhijBrfYPrGWNinUGX6PS8S6EN-RHaIR5um4KHvp_nVd4xT7G2zF5E-1lN3JFu3BTKRMqWrKkrmwhzQfHBu2j6EwBv-jp5kG_wTrHgAfIoBwCtmcohPvCD79Epjp4CKPppmPpQiOZREJ5DZ2LqRVrLMLTOjxbQf6yFjLB74Rg&amp;__tn__=*NK-R\" target=\"_blank\" rel=\"noopener\">#HumanismoEnAcci\u00f3n<\/a><\/p>\n","protected":false},"excerpt":{"rendered":"<p>Llegamos con A Paso Firme a la Primaria C\u00e1mara Nacional de Comercio para entregar apoyos de este programa creado por nuestro gobernador, Eduardo Ram\u00edrez. Es un paso m\u00e1s para que todas y todos sigan estudiando con dignidad, seguridad y confianza. #HumanismoQueTransforma #HumanismoEnAcci\u00f3n<\/p>\n","protected":false},"author":1,"featured_media":141065,"comment_status":"closed","ping_status":"closed","sticky":false,"template":"","format":"standard","meta":{"footnotes":""},"categories":[1],"tags":[],"class_list":["post-141035","post","type-post","status-publish","format-standard","has-post-thumbnail","hentry","category-general"],"_links":{"self":[{"href":"https:\/\/elobservadorzonanorte.com.mx\/index.php?rest_route=\/wp\/v2\/posts\/141035","targetHints":{"allow":["GET"]}}],"collection":[{"href":"https:\/\/elobservadorzonanorte.com.mx\/index.php?rest_route=\/wp\/v2\/posts"}],"about":[{"href":"https:\/\/elobservadorzonanorte.com.mx\/index.php?rest_route=\/wp\/v2\/types\/post"}],"author":[{"embeddable":true,"href":"https:\/\/elobservadorzonanorte.com.mx\/index.php?rest_route=\/wp\/v2\/users\/1"}],"replies":[{"embeddable":true,"href":"https:\/\/elobservadorzonanorte.com.mx\/index.php?rest_route=%2Fwp%2Fv2%2Fcomments&post=141035"}],"version-history":[{"count":1,"href":"https:\/\/elobservadorzonanorte.com.mx\/index.php?rest_route=\/wp\/v2\/posts\/141035\/revisions"}],"predecessor-version":[{"id":141117,"href":"https:\/\/elobservadorzonanorte.com.mx\/index.php?rest_route=\/wp\/v2\/posts\/141035\/revisions\/141117"}],"wp:featuredmedia":[{"embeddable":true,"href":"https:\/\/elobservadorzonanorte.com.mx\/index.php?rest_route=\/wp\/v2\/media\/141065"}],"wp:attachment":[{"href":"https:\/\/elobservadorzonanorte.com.mx\/index.php?rest_route=%2Fwp%2Fv2%2Fmedia&parent=141035"}],"wp:term":[{"taxonomy":"category","embeddable":true,"href":"https:\/\/elobservadorzonanorte.com.mx\/index.php?rest_route=%2Fwp%2Fv2%2Fcategories&post=141035"},{"taxonomy":"post_tag","embeddable":true,"href":"https:\/\/elobservadorzonanorte.com.mx\/index.php?rest_route=%2Fwp%2Fv2%2Ftags&post=141035"}],"curies":[{"name":"wp","href":"https:\/\/api.w.org\/{rel}","templated":true}]}}