{"id":141030,"date":"2026-04-27T04:33:27","date_gmt":"2026-04-27T04:33:27","guid":{"rendered":"https:\/\/elobservadorzonanorte.com.mx\/?p=141030"},"modified":"2026-04-27T04:33:29","modified_gmt":"2026-04-27T04:33:29","slug":"encabeza-icheja-arranque-de-la-1a-jornada-nacional-de-incorporacion-para-la-alfabetizacion-2026","status":"publish","type":"post","link":"https:\/\/elobservadorzonanorte.com.mx\/?p=141030","title":{"rendered":"Encabeza #Icheja arranque de la 1\u00aa Jornada Nacional de Incorporaci\u00f3n para la Alfabetizaci\u00f3n 2026"},"content":{"rendered":"\n<figure class=\"wp-block-image size-large\"><img decoding=\"async\" width=\"600\" height=\"400\" src=\"https:\/\/elobservadorzonanorte.com.mx\/wp-content\/uploads\/2026\/04\/imagen-15-69-600x400.jpg\" alt=\"\" class=\"wp-image-141063\" srcset=\"https:\/\/elobservadorzonanorte.com.mx\/wp-content\/uploads\/2026\/04\/imagen-15-69-600x400.jpg 600w, https:\/\/elobservadorzonanorte.com.mx\/wp-content\/uploads\/2026\/04\/imagen-15-69-300x200.jpg 300w, https:\/\/elobservadorzonanorte.com.mx\/wp-content\/uploads\/2026\/04\/imagen-15-69-768x511.jpg 768w, https:\/\/elobservadorzonanorte.com.mx\/wp-content\/uploads\/2026\/04\/imagen-15-69.jpg 811w\" sizes=\"(max-width: 600px) 100vw, 600px\" \/><\/figure>\n\n\n\n<p>Tuxtla Guti\u00e9rrez, Chiapas.- Con el objetivo de fortalecer las acciones en materia educativa y promover la incorporaci\u00f3n de m\u00e1s personas j\u00f3venes y adultas al proceso de alfabetizaci\u00f3n, este viernes se llev\u00f3 a cabo el arranque de la 1\u00aa Jornada Nacional de Incorporaci\u00f3n para la Alfabetizaci\u00f3n 2026, as\u00ed como la segunda etapa del programa Tuxtla Puede.<\/p>\n\n\n\n<p>El evento tuvo lugar en las instalaciones de la Direcci\u00f3n de Servicios Educativos en la capital del estado y fue encabezado por el director general del Instituto Chiapaneco de Educaci\u00f3n para J\u00f3venes y Adultos (Icheja), Sergio David Molina G\u00f3mez, y el presidente municipal de Tuxtla Guti\u00e9rrez, \u00c1ngel Torres.<\/p>\n\n\n\n<p>En su intervenci\u00f3n, el titular del Icheja agradeci\u00f3 al presidente municipal por asumir como propio este programa impulsado por el gobernador, Eduardo Ram\u00edrez Aguilar.<\/p>\n\n\n\n<p>\u201cSu compromiso ha permitido que hoy los resultados en Tuxtla sean contundentes y claros. As\u00ed lo reconoce la \u00fanica instituci\u00f3n validada a nivel nacional para medir el rezago educativo, el INEA, donde Tuxtla se posicion\u00f3 como uno de los cinco municipios que m\u00e1s alfabetizaron en Chiapas\u201d, mencion\u00f3 Molina G\u00f3mez.<\/p>\n\n\n\n<p>En ese contexto, agreg\u00f3 que se tom\u00f3 la decisi\u00f3n de realizar este arranque en Tuxtla Guti\u00e9rrez porque se cuenta con un gran aliado en el presidente municipal, y a su vez se da inicio a la segunda etapa del programa Tuxtla Puede.<\/p>\n\n\n\n<p>Finalmente, expres\u00f3 su reconocimiento a todas las personas que hoy inician su proceso de alfabetizaci\u00f3n, ya que dijo: \u201cdar este paso requiere valent\u00eda, estoy seguro de que lo van a lograr. Nuestro compromiso es acompa\u00f1arlos hasta concluir y posteriormente impulsar su continuidad hacia la primaria, fortaleciendo as\u00ed sus conocimientos y evitando el rezago\u201d.<\/p>\n\n\n\n<p>En tanto, el presidente municipal de Tuxtla Guti\u00e9rrez reiter\u00f3 el compromiso del gobierno municipal con la educaci\u00f3n y asegur\u00f3 que se seguir\u00e1 trabajando para que m\u00e1s personas accedan a mejores oportunidades a trav\u00e9s de la educaci\u00f3n.<\/p>\n\n\n\n<p>Durante el evento se llev\u00f3 a cabo la incorporaci\u00f3n de nuevas personas educandas, as\u00ed como la entrega de m\u00f3dulos educativos como parte de las acciones que se desarrollar\u00e1n los d\u00edas 24, 25 y 26 de abril en el marco de esta jornada nacional.<\/p>\n\n\n\n<p>Esta estrategia es encabezada por el Instituto Nacional de la Educaci\u00f3n para los Adultos (INEA) en todo el territorio nacional, y tiene como objetivo promover la incorporaci\u00f3n masiva de personas al proceso de alfabetizaci\u00f3n, as\u00ed como la reincorporaci\u00f3n de quienes por alguna raz\u00f3n no concluyeron su educaci\u00f3n b\u00e1sica, con el apoyo de aliados institucionales.<\/p>\n\n\n\n<p>Con estas acciones, el Icheja y los distintos \u00f3rdenes de gobierno refrendan su compromiso con la educaci\u00f3n incluyente, equitativa y de calidad, impulsando el desarrollo social en Chiapas. Encabeza Icheja arranque de la 1\u00aa Jornada Nacional de Incorporaci\u00f3n para la Alfabetizaci\u00f3n 2026<\/p>\n\n\n\n<p>Tuxtla Guti\u00e9rrez, Chiapas.- Con el objetivo de fortalecer las acciones en materia educativa y promover la incorporaci\u00f3n de m\u00e1s personas j\u00f3venes y adultas al proceso de alfabetizaci\u00f3n, este viernes se llev\u00f3 a cabo el arranque de la 1\u00aa Jornada Nacional de Incorporaci\u00f3n para la Alfabetizaci\u00f3n 2026, as\u00ed como la segunda etapa del programa Tuxtla Puede.<\/p>\n\n\n\n<p>El evento tuvo lugar en las instalaciones de la Direcci\u00f3n de Servicios Educativos en la capital del estado y fue encabezado por el director general del Instituto Chiapaneco de Educaci\u00f3n para J\u00f3venes y Adultos (Icheja), Sergio David Molina G\u00f3mez, y el presidente municipal de Tuxtla Guti\u00e9rrez, \u00c1ngel Torres.<\/p>\n\n\n\n<p>En su intervenci\u00f3n, el titular del Icheja agradeci\u00f3 al presidente municipal por asumir como propio este programa impulsado por el gobernador, Eduardo Ram\u00edrez Aguilar.<\/p>\n\n\n\n<p>\u201cSu compromiso ha permitido que hoy los resultados en Tuxtla sean contundentes y claros. As\u00ed lo reconoce la \u00fanica instituci\u00f3n validada a nivel nacional para medir el rezago educativo, el INEA, donde Tuxtla se posicion\u00f3 como uno de los cinco municipios que m\u00e1s alfabetizaron en Chiapas\u201d, mencion\u00f3 Molina G\u00f3mez.<\/p>\n\n\n\n<p>En ese contexto, agreg\u00f3 que se tom\u00f3 la decisi\u00f3n de realizar este arranque en Tuxtla Guti\u00e9rrez porque se cuenta con un gran aliado en el presidente municipal, y a su vez se da inicio a la segunda etapa del programa Tuxtla Puede.<\/p>\n\n\n\n<p>Finalmente, expres\u00f3 su reconocimiento a todas las personas que hoy inician su proceso de alfabetizaci\u00f3n, ya que dijo: \u201cdar este paso requiere valent\u00eda, estoy seguro de que lo van a lograr. Nuestro compromiso es acompa\u00f1arlos hasta concluir y posteriormente impulsar su continuidad hacia la primaria, fortaleciendo as\u00ed sus conocimientos y evitando el rezago\u201d.<\/p>\n\n\n\n<p>En tanto, el presidente municipal de Tuxtla Guti\u00e9rrez reiter\u00f3 el compromiso del gobierno municipal con la educaci\u00f3n y asegur\u00f3 que se seguir\u00e1 trabajando para que m\u00e1s personas accedan a mejores oportunidades a trav\u00e9s de la educaci\u00f3n.<\/p>\n\n\n\n<p>Durante el evento se llev\u00f3 a cabo la incorporaci\u00f3n de nuevas personas educandas, as\u00ed como la entrega de m\u00f3dulos educativos como parte de las acciones que se desarrollar\u00e1n los d\u00edas 24, 25 y 26 de abril en el marco de esta jornada nacional.<\/p>\n\n\n\n<p>Esta estrategia es encabezada por el Instituto Nacional de la Educaci\u00f3n para los Adultos (INEA) en todo el territorio nacional, y tiene como objetivo promover la incorporaci\u00f3n masiva de personas al proceso de alfabetizaci\u00f3n, as\u00ed como la reincorporaci\u00f3n de quienes por alguna raz\u00f3n no concluyeron su educaci\u00f3n b\u00e1sica, con el apoyo de aliados institucionales.<\/p>\n\n\n\n<p>Con estas acciones, el Icheja y los distintos \u00f3rdenes de gobierno refrendan su compromiso con la educaci\u00f3n incluyente, equitativa y de calidad, impulsando el desarrollo social en Chiapas.<\/p>\n","protected":false},"excerpt":{"rendered":"<p>Tuxtla Guti\u00e9rrez, Chiapas.- Con el objetivo de fortalecer las acciones en materia educativa y promover la incorporaci\u00f3n de m\u00e1s personas j\u00f3venes y adultas al proceso de alfabetizaci\u00f3n, este viernes se llev\u00f3 a cabo el arranque de la 1\u00aa Jornada Nacional de Incorporaci\u00f3n para la Alfabetizaci\u00f3n 2026, as\u00ed como la segunda etapa del programa Tuxtla Puede. [&hellip;]<\/p>\n","protected":false},"author":1,"featured_media":141063,"comment_status":"closed","ping_status":"closed","sticky":false,"template":"","format":"standard","meta":{"footnotes":""},"categories":[1],"tags":[],"class_list":["post-141030","post","type-post","status-publish","format-standard","has-post-thumbnail","hentry","category-general"],"_links":{"self":[{"href":"https:\/\/elobservadorzonanorte.com.mx\/index.php?rest_route=\/wp\/v2\/posts\/141030","targetHints":{"allow":["GET"]}}],"collection":[{"href":"https:\/\/elobservadorzonanorte.com.mx\/index.php?rest_route=\/wp\/v2\/posts"}],"about":[{"href":"https:\/\/elobservadorzonanorte.com.mx\/index.php?rest_route=\/wp\/v2\/types\/post"}],"author":[{"embeddable":true,"href":"https:\/\/elobservadorzonanorte.com.mx\/index.php?rest_route=\/wp\/v2\/users\/1"}],"replies":[{"embeddable":true,"href":"https:\/\/elobservadorzonanorte.com.mx\/index.php?rest_route=%2Fwp%2Fv2%2Fcomments&post=141030"}],"version-history":[{"count":1,"href":"https:\/\/elobservadorzonanorte.com.mx\/index.php?rest_route=\/wp\/v2\/posts\/141030\/revisions"}],"predecessor-version":[{"id":141115,"href":"https:\/\/elobservadorzonanorte.com.mx\/index.php?rest_route=\/wp\/v2\/posts\/141030\/revisions\/141115"}],"wp:featuredmedia":[{"embeddable":true,"href":"https:\/\/elobservadorzonanorte.com.mx\/index.php?rest_route=\/wp\/v2\/media\/141063"}],"wp:attachment":[{"href":"https:\/\/elobservadorzonanorte.com.mx\/index.php?rest_route=%2Fwp%2Fv2%2Fmedia&parent=141030"}],"wp:term":[{"taxonomy":"category","embeddable":true,"href":"https:\/\/elobservadorzonanorte.com.mx\/index.php?rest_route=%2Fwp%2Fv2%2Fcategories&post=141030"},{"taxonomy":"post_tag","embeddable":true,"href":"https:\/\/elobservadorzonanorte.com.mx\/index.php?rest_route=%2Fwp%2Fv2%2Ftags&post=141030"}],"curies":[{"name":"wp","href":"https:\/\/api.w.org\/{rel}","templated":true}]}}