{"id":140943,"date":"2026-04-25T03:07:07","date_gmt":"2026-04-25T03:07:07","guid":{"rendered":"https:\/\/elobservadorzonanorte.com.mx\/?p=140943"},"modified":"2026-04-25T03:07:09","modified_gmt":"2026-04-25T03:07:09","slug":"recordar-es-volver-a-vivir","status":"publish","type":"post","link":"https:\/\/elobservadorzonanorte.com.mx\/?p=140943","title":{"rendered":"\u00abRecordar es volver a vivir\u00bb"},"content":{"rendered":"\n<figure class=\"wp-block-image size-full\"><img decoding=\"async\" width=\"332\" height=\"590\" src=\"https:\/\/elobservadorzonanorte.com.mx\/wp-content\/uploads\/2026\/04\/imagen-15-60.jpg\" alt=\"\" class=\"wp-image-140993\" srcset=\"https:\/\/elobservadorzonanorte.com.mx\/wp-content\/uploads\/2026\/04\/imagen-15-60.jpg 332w, https:\/\/elobservadorzonanorte.com.mx\/wp-content\/uploads\/2026\/04\/imagen-15-60-169x300.jpg 169w\" sizes=\"(max-width: 332px) 100vw, 332px\" \/><\/figure>\n\n\n\n<figure class=\"wp-block-image size-full\"><img decoding=\"async\" width=\"443\" height=\"590\" src=\"https:\/\/elobservadorzonanorte.com.mx\/wp-content\/uploads\/2026\/04\/imagen-15-61.jpg\" alt=\"\" class=\"wp-image-140994\" srcset=\"https:\/\/elobservadorzonanorte.com.mx\/wp-content\/uploads\/2026\/04\/imagen-15-61.jpg 443w, https:\/\/elobservadorzonanorte.com.mx\/wp-content\/uploads\/2026\/04\/imagen-15-61-225x300.jpg 225w\" sizes=\"(max-width: 443px) 100vw, 443px\" \/><\/figure>\n\n\n\n<figure class=\"wp-block-image size-full\"><img decoding=\"async\" width=\"443\" height=\"590\" src=\"https:\/\/elobservadorzonanorte.com.mx\/wp-content\/uploads\/2026\/04\/imagen-15-62.jpg\" alt=\"\" class=\"wp-image-140995\" srcset=\"https:\/\/elobservadorzonanorte.com.mx\/wp-content\/uploads\/2026\/04\/imagen-15-62.jpg 443w, https:\/\/elobservadorzonanorte.com.mx\/wp-content\/uploads\/2026\/04\/imagen-15-62-225x300.jpg 225w\" sizes=\"(max-width: 443px) 100vw, 443px\" \/><\/figure>\n\n\n\n<p>El contador y presidente de la Asociaci\u00f3n Ganadera local general de Ju\u00e1rez <a href=\"https:\/\/www.facebook.com\/joseignacio.soberanovelasco?__cft__[0]=AZa7db1SU618MR70QgOJIFScMsGeqrbv9s3EVsn5wWmMTgWjiyiYQTldRZIgPtxwYXB8KoH_y0a_AE8loHEzkGP1XRbhx1VUaJq4a5XqLeqqBPxiVontlD5M9hi8GJiPVeLM_CjWWpNlOJBY2BL74GoPxeXbo51-f9d1myPa25h5FASTbyfVLZjSpcrzVo_EtJc&amp;__tn__=-]K-R\" target=\"_blank\" rel=\"noopener\">Jose Ignacio Soberano Velasco<\/a> asiste a la ceremonia de graduaci\u00f3n de la Benem\u00e9rita Universidad Aut\u00f3noma de Chiapas campus VII Pichucalco.<\/p>\n\n\n\n<p>A trav\u00e9s de sus redes sociales el tambi\u00e9n ganadero record\u00f3 cuando curso sus estudios superiores en esta instituci\u00f3n, que hoy ha formado a cientos de profesionistas desde hace poco m\u00e1s de 20 a\u00f1os.<\/p>\n\n\n\n<p>Soberano Velasco dijo que fue un honor el ser invitado a esta fiesta y regresar a la UNACH campus VII Pichucalco que en 2018 lo vio egresar.<\/p>\n\n\n\n<p>\u00abVolver a estos espacios siempre remueve recuerdos, aprendizajes y momentos que marcaron mi camino.<\/p>\n\n\n\n<p>Gracias a mi alma mater por permitirme ser parte de este momento tan especial. Siempre ser\u00e1 un orgullo pertenecer a esta gran comunidad\u00bb.<\/p>\n","protected":false},"excerpt":{"rendered":"<p>El contador y presidente de la Asociaci\u00f3n Ganadera local general de Ju\u00e1rez Jose Ignacio Soberano Velasco asiste a la ceremonia de graduaci\u00f3n de la Benem\u00e9rita Universidad Aut\u00f3noma de Chiapas campus VII Pichucalco. A trav\u00e9s de sus redes sociales el tambi\u00e9n ganadero record\u00f3 cuando curso sus estudios superiores en esta instituci\u00f3n, que hoy ha formado a [&hellip;]<\/p>\n","protected":false},"author":1,"featured_media":140994,"comment_status":"closed","ping_status":"closed","sticky":false,"template":"","format":"standard","meta":{"footnotes":""},"categories":[1],"tags":[],"class_list":["post-140943","post","type-post","status-publish","format-standard","has-post-thumbnail","hentry","category-general"],"_links":{"self":[{"href":"https:\/\/elobservadorzonanorte.com.mx\/index.php?rest_route=\/wp\/v2\/posts\/140943","targetHints":{"allow":["GET"]}}],"collection":[{"href":"https:\/\/elobservadorzonanorte.com.mx\/index.php?rest_route=\/wp\/v2\/posts"}],"about":[{"href":"https:\/\/elobservadorzonanorte.com.mx\/index.php?rest_route=\/wp\/v2\/types\/post"}],"author":[{"embeddable":true,"href":"https:\/\/elobservadorzonanorte.com.mx\/index.php?rest_route=\/wp\/v2\/users\/1"}],"replies":[{"embeddable":true,"href":"https:\/\/elobservadorzonanorte.com.mx\/index.php?rest_route=%2Fwp%2Fv2%2Fcomments&post=140943"}],"version-history":[{"count":1,"href":"https:\/\/elobservadorzonanorte.com.mx\/index.php?rest_route=\/wp\/v2\/posts\/140943\/revisions"}],"predecessor-version":[{"id":141024,"href":"https:\/\/elobservadorzonanorte.com.mx\/index.php?rest_route=\/wp\/v2\/posts\/140943\/revisions\/141024"}],"wp:featuredmedia":[{"embeddable":true,"href":"https:\/\/elobservadorzonanorte.com.mx\/index.php?rest_route=\/wp\/v2\/media\/140994"}],"wp:attachment":[{"href":"https:\/\/elobservadorzonanorte.com.mx\/index.php?rest_route=%2Fwp%2Fv2%2Fmedia&parent=140943"}],"wp:term":[{"taxonomy":"category","embeddable":true,"href":"https:\/\/elobservadorzonanorte.com.mx\/index.php?rest_route=%2Fwp%2Fv2%2Fcategories&post=140943"},{"taxonomy":"post_tag","embeddable":true,"href":"https:\/\/elobservadorzonanorte.com.mx\/index.php?rest_route=%2Fwp%2Fv2%2Ftags&post=140943"}],"curies":[{"name":"wp","href":"https:\/\/api.w.org\/{rel}","templated":true}]}}