{"id":140942,"date":"2026-04-25T03:06:45","date_gmt":"2026-04-25T03:06:45","guid":{"rendered":"https:\/\/elobservadorzonanorte.com.mx\/?p=140942"},"modified":"2026-04-25T03:06:46","modified_gmt":"2026-04-25T03:06:46","slug":"la-secretaria-general-de-gobierno-y-mediacion-dulce-rodriguez-ovando-participo-en-representacion-del-gobernador-eduardo-ramirez-en-la-reunion-anual-de-la-iniciativa-regional-para-la-construccion-de","status":"publish","type":"post","link":"https:\/\/elobservadorzonanorte.com.mx\/?p=140942","title":{"rendered":"La secretaria general de Gobierno y Mediaci\u00f3n, Dulce Rodr\u00edguez Ovando, particip\u00f3 en representaci\u00f3n del gobernador Eduardo Ram\u00edrez, en la Reuni\u00f3n Anual de la Iniciativa Regional para la Construcci\u00f3n de Capacidades de Asilo (RACBI) 2026, realizada en Tapachula, con la participaci\u00f3n de autoridades estatales, municipales y organismos internacionales."},"content":{"rendered":"\n<figure class=\"wp-block-image size-full\"><img decoding=\"async\" width=\"590\" height=\"393\" src=\"https:\/\/elobservadorzonanorte.com.mx\/wp-content\/uploads\/2026\/04\/imagen-15-55.jpg\" alt=\"\" class=\"wp-image-140988\" srcset=\"https:\/\/elobservadorzonanorte.com.mx\/wp-content\/uploads\/2026\/04\/imagen-15-55.jpg 590w, https:\/\/elobservadorzonanorte.com.mx\/wp-content\/uploads\/2026\/04\/imagen-15-55-300x200.jpg 300w\" sizes=\"(max-width: 590px) 100vw, 590px\" \/><\/figure>\n\n\n\n<figure class=\"wp-block-image size-full\"><img decoding=\"async\" width=\"590\" height=\"393\" src=\"https:\/\/elobservadorzonanorte.com.mx\/wp-content\/uploads\/2026\/04\/imagen-15-56.jpg\" alt=\"\" class=\"wp-image-140989\" srcset=\"https:\/\/elobservadorzonanorte.com.mx\/wp-content\/uploads\/2026\/04\/imagen-15-56.jpg 590w, https:\/\/elobservadorzonanorte.com.mx\/wp-content\/uploads\/2026\/04\/imagen-15-56-300x200.jpg 300w\" sizes=\"(max-width: 590px) 100vw, 590px\" \/><\/figure>\n\n\n\n<figure class=\"wp-block-image size-full\"><img decoding=\"async\" width=\"590\" height=\"393\" src=\"https:\/\/elobservadorzonanorte.com.mx\/wp-content\/uploads\/2026\/04\/imagen-15-57.jpg\" alt=\"\" class=\"wp-image-140990\" srcset=\"https:\/\/elobservadorzonanorte.com.mx\/wp-content\/uploads\/2026\/04\/imagen-15-57.jpg 590w, https:\/\/elobservadorzonanorte.com.mx\/wp-content\/uploads\/2026\/04\/imagen-15-57-300x200.jpg 300w\" sizes=\"(max-width: 590px) 100vw, 590px\" \/><\/figure>\n\n\n\n<p>Durante este encuentro se fortaleci\u00f3 la cooperaci\u00f3n entre instituciones y organismos como la Comisi\u00f3n Mexicana de Ayuda a Refugiados, encabezada por su coordinadora general Xadeni M\u00e9ndez M\u00e1rquez, el ACNUR, as\u00ed como la participaci\u00f3n de Michael Carter, director de Relaciones Internacionales y Acuerdos del IRCC de Canad\u00e1, con el objetivo de mejorar los sistemas de asilo y la atenci\u00f3n integral a personas en situaci\u00f3n de movilidad, consolidando a Chiapas como un punto estrat\u00e9gico en materia humanitaria.<\/p>\n\n\n\n<p><a href=\"https:\/\/www.facebook.com\/hashtag\/humanismoquetransforma?__cft__[0]=AZZIs1ATKTaWPfCZHsQNLDa-3ssWIK7xgJYsNHBmqnk9x_i1BWRUs5d93wn8g7tUHv4vbyojMCUsL2kXv4JCk4J1Dr8TheLH8txHE3IwTV8drrp3Va120gbyHCyB6OkhXbD9NtMNUfkVxQPPnhVx57c1UuFA1ycewwHMyHF5Fb-7NXAeuHd8vuT8qHPvkWoLGQ0&amp;__tn__=*NK-R\" target=\"_blank\" rel=\"noopener\">#HumanismoQueTransforma<\/a><\/p>\n\n\n\n<p><a href=\"https:\/\/www.facebook.com\/hashtag\/prosperidadcompartida?__cft__[0]=AZZIs1ATKTaWPfCZHsQNLDa-3ssWIK7xgJYsNHBmqnk9x_i1BWRUs5d93wn8g7tUHv4vbyojMCUsL2kXv4JCk4J1Dr8TheLH8txHE3IwTV8drrp3Va120gbyHCyB6OkhXbD9NtMNUfkVxQPPnhVx57c1UuFA1ycewwHMyHF5Fb-7NXAeuHd8vuT8qHPvkWoLGQ0&amp;__tn__=*NK-R\" target=\"_blank\" rel=\"noopener\">#ProsperidadCompartida<\/a><\/p>\n\n\n\n<p>Secretar\u00eda de Gobernaci\u00f3n<\/p>\n","protected":false},"excerpt":{"rendered":"<p>Durante este encuentro se fortaleci\u00f3 la cooperaci\u00f3n entre instituciones y organismos como la Comisi\u00f3n Mexicana de Ayuda a Refugiados, encabezada por su coordinadora general Xadeni M\u00e9ndez M\u00e1rquez, el ACNUR, as\u00ed como la participaci\u00f3n de Michael Carter, director de Relaciones Internacionales y Acuerdos del IRCC de Canad\u00e1, con el objetivo de mejorar los sistemas de asilo [&hellip;]<\/p>\n","protected":false},"author":1,"featured_media":140990,"comment_status":"closed","ping_status":"closed","sticky":false,"template":"","format":"standard","meta":{"footnotes":""},"categories":[1],"tags":[],"class_list":["post-140942","post","type-post","status-publish","format-standard","has-post-thumbnail","hentry","category-general"],"_links":{"self":[{"href":"https:\/\/elobservadorzonanorte.com.mx\/index.php?rest_route=\/wp\/v2\/posts\/140942","targetHints":{"allow":["GET"]}}],"collection":[{"href":"https:\/\/elobservadorzonanorte.com.mx\/index.php?rest_route=\/wp\/v2\/posts"}],"about":[{"href":"https:\/\/elobservadorzonanorte.com.mx\/index.php?rest_route=\/wp\/v2\/types\/post"}],"author":[{"embeddable":true,"href":"https:\/\/elobservadorzonanorte.com.mx\/index.php?rest_route=\/wp\/v2\/users\/1"}],"replies":[{"embeddable":true,"href":"https:\/\/elobservadorzonanorte.com.mx\/index.php?rest_route=%2Fwp%2Fv2%2Fcomments&post=140942"}],"version-history":[{"count":1,"href":"https:\/\/elobservadorzonanorte.com.mx\/index.php?rest_route=\/wp\/v2\/posts\/140942\/revisions"}],"predecessor-version":[{"id":141021,"href":"https:\/\/elobservadorzonanorte.com.mx\/index.php?rest_route=\/wp\/v2\/posts\/140942\/revisions\/141021"}],"wp:featuredmedia":[{"embeddable":true,"href":"https:\/\/elobservadorzonanorte.com.mx\/index.php?rest_route=\/wp\/v2\/media\/140990"}],"wp:attachment":[{"href":"https:\/\/elobservadorzonanorte.com.mx\/index.php?rest_route=%2Fwp%2Fv2%2Fmedia&parent=140942"}],"wp:term":[{"taxonomy":"category","embeddable":true,"href":"https:\/\/elobservadorzonanorte.com.mx\/index.php?rest_route=%2Fwp%2Fv2%2Fcategories&post=140942"},{"taxonomy":"post_tag","embeddable":true,"href":"https:\/\/elobservadorzonanorte.com.mx\/index.php?rest_route=%2Fwp%2Fv2%2Ftags&post=140942"}],"curies":[{"name":"wp","href":"https:\/\/api.w.org\/{rel}","templated":true}]}}