{"id":140940,"date":"2026-04-25T03:06:33","date_gmt":"2026-04-25T03:06:33","guid":{"rendered":"https:\/\/elobservadorzonanorte.com.mx\/?p=140940"},"modified":"2026-04-25T03:06:39","modified_gmt":"2026-04-25T03:06:39","slug":"en-frontera-comalapa-eduardo-ramirez-impulsa-autonomia-economica-de-mujeres-y-mejora-espacios-educativos-2","status":"publish","type":"post","link":"https:\/\/elobservadorzonanorte.com.mx\/?p=140940","title":{"rendered":"*En Frontera Comalapa, Eduardo Ram\u00edrez impulsa autonom\u00eda econ\u00f3mica de mujeres y mejora espacios educativos*"},"content":{"rendered":"<p><iframe loading=\"lazy\" src=\"https:\/\/www.facebook.com\/plugins\/video.php?height=476&#038;href=https%3A%2F%2Fwww.facebook.com%2Freel%2F931735506295708%2F&#038;show_text=false&#038;width=267&#038;t=0\" width=\"267\" height=\"476\" style=\"border:none;overflow:hidden\" scrolling=\"no\" frameborder=\"0\" allowfullscreen=\"true\" allow=\"autoplay; clipboard-write; encrypted-media; picture-in-picture; web-share\" allowFullScreen=\"true\"><\/iframe><\/p>\n\n\n\n<p>El gobernador Eduardo Ram\u00edrez Aguilar hizo entrega de recursos del programa de microcr\u00e9ditos Semillas de Autonom\u00eda a mujeres emprendedoras e inaugur\u00f3 el mejoramiento de espacios educativos en el municipio de Frontera Comalapa, donde constat\u00f3 que, gracias al esfuerzo permanente entre autoridades, la poblaci\u00f3n vive con mayor tranquilidad y realiza sus actividades en un entorno de paz, bienestar y prosperidad.<\/p>\n\n\n\n<p>El mandatario sostuvo que la participaci\u00f3n de las mujeres es esencial para fortalecer el tejido social, por lo que anunci\u00f3 la ampliaci\u00f3n de los microcr\u00e9ditos para impulsar el autoempleo. En otro momento, inaugur\u00f3 obras en la Escuela Telesecundaria 1405 Emilio Rabasa Estebanell; en la Escuela Secundaria T\u00e9cnica N\u00famero 32, y en el Jard\u00edn de Ni\u00f1as y Ni\u00f1os Octavio Paz Lozano, con una inversi\u00f3n total de 7.5 millones de pesos.<\/p>\n\n\n\n<p>Tenemos problemas p<\/p>\n","protected":false},"excerpt":{"rendered":"<p>El gobernador Eduardo Ram\u00edrez Aguilar hizo entrega de recursos del programa de microcr\u00e9ditos Semillas de Autonom\u00eda a mujeres emprendedoras e inaugur\u00f3 el mejoramiento de espacios educativos en el municipio de Frontera Comalapa, donde constat\u00f3 que, gracias al esfuerzo permanente entre autoridades, la poblaci\u00f3n vive con mayor tranquilidad y realiza sus actividades en un entorno de [&hellip;]<\/p>\n","protected":false},"author":1,"featured_media":140987,"comment_status":"closed","ping_status":"closed","sticky":false,"template":"","format":"standard","meta":{"footnotes":""},"categories":[1],"tags":[],"class_list":["post-140940","post","type-post","status-publish","format-standard","has-post-thumbnail","hentry","category-general"],"_links":{"self":[{"href":"https:\/\/elobservadorzonanorte.com.mx\/index.php?rest_route=\/wp\/v2\/posts\/140940","targetHints":{"allow":["GET"]}}],"collection":[{"href":"https:\/\/elobservadorzonanorte.com.mx\/index.php?rest_route=\/wp\/v2\/posts"}],"about":[{"href":"https:\/\/elobservadorzonanorte.com.mx\/index.php?rest_route=\/wp\/v2\/types\/post"}],"author":[{"embeddable":true,"href":"https:\/\/elobservadorzonanorte.com.mx\/index.php?rest_route=\/wp\/v2\/users\/1"}],"replies":[{"embeddable":true,"href":"https:\/\/elobservadorzonanorte.com.mx\/index.php?rest_route=%2Fwp%2Fv2%2Fcomments&post=140940"}],"version-history":[{"count":1,"href":"https:\/\/elobservadorzonanorte.com.mx\/index.php?rest_route=\/wp\/v2\/posts\/140940\/revisions"}],"predecessor-version":[{"id":141020,"href":"https:\/\/elobservadorzonanorte.com.mx\/index.php?rest_route=\/wp\/v2\/posts\/140940\/revisions\/141020"}],"wp:featuredmedia":[{"embeddable":true,"href":"https:\/\/elobservadorzonanorte.com.mx\/index.php?rest_route=\/wp\/v2\/media\/140987"}],"wp:attachment":[{"href":"https:\/\/elobservadorzonanorte.com.mx\/index.php?rest_route=%2Fwp%2Fv2%2Fmedia&parent=140940"}],"wp:term":[{"taxonomy":"category","embeddable":true,"href":"https:\/\/elobservadorzonanorte.com.mx\/index.php?rest_route=%2Fwp%2Fv2%2Fcategories&post=140940"},{"taxonomy":"post_tag","embeddable":true,"href":"https:\/\/elobservadorzonanorte.com.mx\/index.php?rest_route=%2Fwp%2Fv2%2Ftags&post=140940"}],"curies":[{"name":"wp","href":"https:\/\/api.w.org\/{rel}","templated":true}]}}