{"id":139365,"date":"2026-04-10T04:19:43","date_gmt":"2026-04-10T04:19:43","guid":{"rendered":"https:\/\/elobservadorzonanorte.com.mx\/?p=139365"},"modified":"2026-04-10T04:19:44","modified_gmt":"2026-04-10T04:19:44","slug":"presidente-municipal-supervisa-avance-de-obra-de-pavimentacion-en-el-fraccionamiento-montebello","status":"publish","type":"post","link":"https:\/\/elobservadorzonanorte.com.mx\/?p=139365","title":{"rendered":"PRESIDENTE MUNICIPAL SUPERVISA AVANCE DE OBRA DE PAVIMENTACI\u00d3N EN EL FRACCIONAMIENTO MONTEBELLO"},"content":{"rendered":"\n<figure class=\"wp-block-image size-full\"><img decoding=\"async\" width=\"590\" height=\"393\" src=\"https:\/\/elobservadorzonanorte.com.mx\/wp-content\/uploads\/2026\/04\/imagen-3-34.jpg\" alt=\"\" class=\"wp-image-139393\" srcset=\"https:\/\/elobservadorzonanorte.com.mx\/wp-content\/uploads\/2026\/04\/imagen-3-34.jpg 590w, https:\/\/elobservadorzonanorte.com.mx\/wp-content\/uploads\/2026\/04\/imagen-3-34-300x200.jpg 300w\" sizes=\"(max-width: 590px) 100vw, 590px\" \/><\/figure>\n\n\n\n<figure class=\"wp-block-image size-full\"><img decoding=\"async\" width=\"590\" height=\"393\" src=\"https:\/\/elobservadorzonanorte.com.mx\/wp-content\/uploads\/2026\/04\/imagen-3-35.jpg\" alt=\"\" class=\"wp-image-139394\" srcset=\"https:\/\/elobservadorzonanorte.com.mx\/wp-content\/uploads\/2026\/04\/imagen-3-35.jpg 590w, https:\/\/elobservadorzonanorte.com.mx\/wp-content\/uploads\/2026\/04\/imagen-3-35-300x200.jpg 300w\" sizes=\"(max-width: 590px) 100vw, 590px\" \/><\/figure>\n\n\n\n<p>Con el objetivo de mejorar la infraestructura vial y elevar la calidad de vida de las familias, el Presidente Municipal, Oscar Serra Cantoral, en compa\u00f1\u00eda de su esposa, la presidenta del DIF Municipal, Sonia Calc\u00e1neo Montellano, realizaron una supervisi\u00f3n del avance de la obra de pavimentaci\u00f3n de calles en el fraccionamiento Montebello, ubicado en la cabecera municipal.<\/p>\n\n\n\n<p>Durante el recorrido, las autoridades municipales constataron el progreso de esta importante obra que permitir\u00e1 mejorar las condiciones de tr\u00e1nsito, brindar mayor seguridad a peatones y automovilistas, as\u00ed como fortalecer el desarrollo urbano de esta zona del municipio.<\/p>\n\n\n\n<p>Esta obra fue gestionada ante la Secretar\u00eda de Infraestructura, como parte de las acciones que impulsa el Gobierno Municipal para atender las necesidades prioritarias de la poblaci\u00f3n y fortalecer la modernizaci\u00f3n de la infraestructura b\u00e1sica.<\/p>\n\n\n\n<p>La obra se ejecuta bajo el contrato n\u00famero SI-OBRA-2025-137 F, con una inversi\u00f3n de $11,832,118.62, recursos destinados a mejorar la conectividad y el bienestar de las familias que habitan en este sector de la cabecera municipal.<\/p>\n\n\n\n<p>El Gobierno Municipal reafirma su compromiso de continuar gestionando y supervisando obras que contribuyan al desarrollo del municipio, garantizando que los recursos se apliquen de manera eficiente en beneficio de la ciudadan\u00eda.<\/p>\n\n\n\n<p><a href=\"https:\/\/www.facebook.com\/hashtag\/humanismoquetransforma?__eep__=6&amp;__cft__[0]=AZbi2a1GMHPIeJkRYx4yB8WqEjLIPNfsE2tHd7Fyu0Bh_cxmfpo8GNMUieNPTLZgGTXRqWzPSNfF9CB6G-sIvtvCQj2jAySgfTTVud8AwPU-GL3T4a20d2rmbmAfGOqn9v5aRfM9v5I4cP-CnSdeP_cj_jVTVbgZIN15ZGnxzrDHzy-vX71N9fodfDFjPbjIpdg&amp;__tn__=*NK-R\" target=\"_blank\" rel=\"noopener\">#HumanismoQueTransforma<\/a><\/p>\n\n\n\n<p><a href=\"https:\/\/www.facebook.com\/hashtag\/sig%C3%A1moslohaciendojuntos?__eep__=6&amp;__cft__[0]=AZbi2a1GMHPIeJkRYx4yB8WqEjLIPNfsE2tHd7Fyu0Bh_cxmfpo8GNMUieNPTLZgGTXRqWzPSNfF9CB6G-sIvtvCQj2jAySgfTTVud8AwPU-GL3T4a20d2rmbmAfGOqn9v5aRfM9v5I4cP-CnSdeP_cj_jVTVbgZIN15ZGnxzrDHzy-vX71N9fodfDFjPbjIpdg&amp;__tn__=*NK-R\" target=\"_blank\" rel=\"noopener\">#Sig\u00e1mosloHaciendoJuntos<\/a><\/p>\n\n\n\n<p><a href=\"https:\/\/www.facebook.com\/hashtag\/siemprecontigo?__eep__=6&amp;__cft__[0]=AZbi2a1GMHPIeJkRYx4yB8WqEjLIPNfsE2tHd7Fyu0Bh_cxmfpo8GNMUieNPTLZgGTXRqWzPSNfF9CB6G-sIvtvCQj2jAySgfTTVud8AwPU-GL3T4a20d2rmbmAfGOqn9v5aRfM9v5I4cP-CnSdeP_cj_jVTVbgZIN15ZGnxzrDHzy-vX71N9fodfDFjPbjIpdg&amp;__tn__=*NK-R\" target=\"_blank\" rel=\"noopener\">#SiempreContigo<\/a><\/p>\n","protected":false},"excerpt":{"rendered":"<p>Con el objetivo de mejorar la infraestructura vial y elevar la calidad de vida de las familias, el Presidente Municipal, Oscar Serra Cantoral, en compa\u00f1\u00eda de su esposa, la presidenta del DIF Municipal, Sonia Calc\u00e1neo Montellano, realizaron una supervisi\u00f3n del avance de la obra de pavimentaci\u00f3n de calles en el fraccionamiento Montebello, ubicado en la [&hellip;]<\/p>\n","protected":false},"author":1,"featured_media":139394,"comment_status":"closed","ping_status":"closed","sticky":false,"template":"","format":"standard","meta":{"footnotes":""},"categories":[1],"tags":[],"class_list":["post-139365","post","type-post","status-publish","format-standard","has-post-thumbnail","hentry","category-general"],"_links":{"self":[{"href":"https:\/\/elobservadorzonanorte.com.mx\/index.php?rest_route=\/wp\/v2\/posts\/139365","targetHints":{"allow":["GET"]}}],"collection":[{"href":"https:\/\/elobservadorzonanorte.com.mx\/index.php?rest_route=\/wp\/v2\/posts"}],"about":[{"href":"https:\/\/elobservadorzonanorte.com.mx\/index.php?rest_route=\/wp\/v2\/types\/post"}],"author":[{"embeddable":true,"href":"https:\/\/elobservadorzonanorte.com.mx\/index.php?rest_route=\/wp\/v2\/users\/1"}],"replies":[{"embeddable":true,"href":"https:\/\/elobservadorzonanorte.com.mx\/index.php?rest_route=%2Fwp%2Fv2%2Fcomments&post=139365"}],"version-history":[{"count":1,"href":"https:\/\/elobservadorzonanorte.com.mx\/index.php?rest_route=\/wp\/v2\/posts\/139365\/revisions"}],"predecessor-version":[{"id":139395,"href":"https:\/\/elobservadorzonanorte.com.mx\/index.php?rest_route=\/wp\/v2\/posts\/139365\/revisions\/139395"}],"wp:featuredmedia":[{"embeddable":true,"href":"https:\/\/elobservadorzonanorte.com.mx\/index.php?rest_route=\/wp\/v2\/media\/139394"}],"wp:attachment":[{"href":"https:\/\/elobservadorzonanorte.com.mx\/index.php?rest_route=%2Fwp%2Fv2%2Fmedia&parent=139365"}],"wp:term":[{"taxonomy":"category","embeddable":true,"href":"https:\/\/elobservadorzonanorte.com.mx\/index.php?rest_route=%2Fwp%2Fv2%2Fcategories&post=139365"},{"taxonomy":"post_tag","embeddable":true,"href":"https:\/\/elobservadorzonanorte.com.mx\/index.php?rest_route=%2Fwp%2Fv2%2Ftags&post=139365"}],"curies":[{"name":"wp","href":"https:\/\/api.w.org\/{rel}","templated":true}]}}