{"id":139334,"date":"2026-04-09T04:54:56","date_gmt":"2026-04-09T04:54:56","guid":{"rendered":"https:\/\/elobservadorzonanorte.com.mx\/?p=139334"},"modified":"2026-04-09T04:54:57","modified_gmt":"2026-04-09T04:54:57","slug":"en-el-marco-del-trabajo-institucional-entre-poderes-la-secretaria-general-de-gobierno-y-mediacion-dulce-rodriguez-ovando-se-reunio-con-la-diputada-faride-abud-garcia-presidenta-de-la-comision-de-s","status":"publish","type":"post","link":"https:\/\/elobservadorzonanorte.com.mx\/?p=139334","title":{"rendered":"En el marco del trabajo institucional entre poderes, la secretaria general de Gobierno y Mediaci\u00f3n, Dulce Rodr\u00edguez Ovando, se reuni\u00f3 con la diputada Faride Abud Garc\u00eda, presidenta de la Comisi\u00f3n de Salud del Congreso del Estado."},"content":{"rendered":"\n<figure class=\"wp-block-image size-large\"><img decoding=\"async\" width=\"600\" height=\"407\" src=\"https:\/\/elobservadorzonanorte.com.mx\/wp-content\/uploads\/2026\/04\/imagen-3-32-600x407.jpg\" alt=\"\" class=\"wp-image-139361\" srcset=\"https:\/\/elobservadorzonanorte.com.mx\/wp-content\/uploads\/2026\/04\/imagen-3-32-600x407.jpg 600w, https:\/\/elobservadorzonanorte.com.mx\/wp-content\/uploads\/2026\/04\/imagen-3-32-300x204.jpg 300w, https:\/\/elobservadorzonanorte.com.mx\/wp-content\/uploads\/2026\/04\/imagen-3-32-768x521.jpg 768w, https:\/\/elobservadorzonanorte.com.mx\/wp-content\/uploads\/2026\/04\/imagen-3-32.jpg 796w\" sizes=\"(max-width: 600px) 100vw, 600px\" \/><\/figure>\n\n\n\n<p>Este encuentro permiti\u00f3 fortalecer el di\u00e1logo y la colaboraci\u00f3n entre el Gobierno del Estado y el Poder Legislativo, impulsando acciones coordinadas en temas prioritarios para el desarrollo y bienestar de Chiapas, en l\u00ednea con la pol\u00edtica del gobernador Eduardo Ram\u00edrez.<\/p>\n\n\n\n<p><a href=\"https:\/\/www.facebook.com\/hashtag\/humanismoquetransforma?__eep__=6&amp;__cft__[0]=AZaotgwQL9-W7Cv4V3FhKVdZNG01rgVfJOb4IbqCRgg4jqxR28WfITUE1MxdzJa_GQdjV4l4Y8SI5H_8F0vcN-N_STtlJhp1UV6690DMRXqLgegVpzuJC36i3hltke6E68sTCMFmo5VeUIn7vnQ2T9d2Gc8ZJQ6B42N2-oXUOIFxALYTZeOkIFmxzA0jJz-qFE8&amp;__tn__=*NK-R\" target=\"_blank\" rel=\"noopener\">#HumanismoQueTransforma<\/a><\/p>\n\n\n\n<p><a href=\"https:\/\/www.facebook.com\/hashtag\/prosperidadcompartida?__eep__=6&amp;__cft__[0]=AZaotgwQL9-W7Cv4V3FhKVdZNG01rgVfJOb4IbqCRgg4jqxR28WfITUE1MxdzJa_GQdjV4l4Y8SI5H_8F0vcN-N_STtlJhp1UV6690DMRXqLgegVpzuJC36i3hltke6E68sTCMFmo5VeUIn7vnQ2T9d2Gc8ZJQ6B42N2-oXUOIFxALYTZeOkIFmxzA0jJz-qFE8&amp;__tn__=*NK-R\" target=\"_blank\" rel=\"noopener\">#ProsperidadCompartida<\/a><\/p>\n","protected":false},"excerpt":{"rendered":"<p>Este encuentro permiti\u00f3 fortalecer el di\u00e1logo y la colaboraci\u00f3n entre el Gobierno del Estado y el Poder Legislativo, impulsando acciones coordinadas en temas prioritarios para el desarrollo y bienestar de Chiapas, en l\u00ednea con la pol\u00edtica del gobernador Eduardo Ram\u00edrez. #HumanismoQueTransforma #ProsperidadCompartida<\/p>\n","protected":false},"author":1,"featured_media":139361,"comment_status":"closed","ping_status":"closed","sticky":false,"template":"","format":"standard","meta":{"footnotes":""},"categories":[1],"tags":[],"class_list":["post-139334","post","type-post","status-publish","format-standard","has-post-thumbnail","hentry","category-general"],"_links":{"self":[{"href":"https:\/\/elobservadorzonanorte.com.mx\/index.php?rest_route=\/wp\/v2\/posts\/139334","targetHints":{"allow":["GET"]}}],"collection":[{"href":"https:\/\/elobservadorzonanorte.com.mx\/index.php?rest_route=\/wp\/v2\/posts"}],"about":[{"href":"https:\/\/elobservadorzonanorte.com.mx\/index.php?rest_route=\/wp\/v2\/types\/post"}],"author":[{"embeddable":true,"href":"https:\/\/elobservadorzonanorte.com.mx\/index.php?rest_route=\/wp\/v2\/users\/1"}],"replies":[{"embeddable":true,"href":"https:\/\/elobservadorzonanorte.com.mx\/index.php?rest_route=%2Fwp%2Fv2%2Fcomments&post=139334"}],"version-history":[{"count":1,"href":"https:\/\/elobservadorzonanorte.com.mx\/index.php?rest_route=\/wp\/v2\/posts\/139334\/revisions"}],"predecessor-version":[{"id":139362,"href":"https:\/\/elobservadorzonanorte.com.mx\/index.php?rest_route=\/wp\/v2\/posts\/139334\/revisions\/139362"}],"wp:featuredmedia":[{"embeddable":true,"href":"https:\/\/elobservadorzonanorte.com.mx\/index.php?rest_route=\/wp\/v2\/media\/139361"}],"wp:attachment":[{"href":"https:\/\/elobservadorzonanorte.com.mx\/index.php?rest_route=%2Fwp%2Fv2%2Fmedia&parent=139334"}],"wp:term":[{"taxonomy":"category","embeddable":true,"href":"https:\/\/elobservadorzonanorte.com.mx\/index.php?rest_route=%2Fwp%2Fv2%2Fcategories&post=139334"},{"taxonomy":"post_tag","embeddable":true,"href":"https:\/\/elobservadorzonanorte.com.mx\/index.php?rest_route=%2Fwp%2Fv2%2Ftags&post=139334"}],"curies":[{"name":"wp","href":"https:\/\/api.w.org\/{rel}","templated":true}]}}