{"id":139331,"date":"2026-04-09T04:54:39","date_gmt":"2026-04-09T04:54:39","guid":{"rendered":"https:\/\/elobservadorzonanorte.com.mx\/?p=139331"},"modified":"2026-04-09T04:54:40","modified_gmt":"2026-04-09T04:54:40","slug":"secretario-de-seguridad-del-pueblo-inaugura-modulo-de-vigilancia-y-seguridad-en-la-zona-media-alta-de-tapachula","status":"publish","type":"post","link":"https:\/\/elobservadorzonanorte.com.mx\/?p=139331","title":{"rendered":"Secretario de Seguridad del Pueblo inaugura M\u00f3dulo de Vigilancia y Seguridad en la zona media alta de Tapachula"},"content":{"rendered":"\n<figure class=\"wp-block-image size-large\"><img decoding=\"async\" width=\"600\" height=\"338\" src=\"https:\/\/elobservadorzonanorte.com.mx\/wp-content\/uploads\/2026\/04\/imagen-3-31-600x338.jpg\" alt=\"\" class=\"wp-image-139359\" srcset=\"https:\/\/elobservadorzonanorte.com.mx\/wp-content\/uploads\/2026\/04\/imagen-3-31-600x338.jpg 600w, https:\/\/elobservadorzonanorte.com.mx\/wp-content\/uploads\/2026\/04\/imagen-3-31-300x169.jpg 300w, https:\/\/elobservadorzonanorte.com.mx\/wp-content\/uploads\/2026\/04\/imagen-3-31-768x432.jpg 768w, https:\/\/elobservadorzonanorte.com.mx\/wp-content\/uploads\/2026\/04\/imagen-3-31.jpg 960w\" sizes=\"(max-width: 600px) 100vw, 600px\" \/><\/figure>\n\n\n\n<p>Tapachula, Chiapas; 08 de abril de 2026.- \u201cEstamos viendo cristalizado un proyecto que iniciamos hace aproximadamente un a\u00f1o, donde comentamos que \u00edbamos a tener una base de operaci\u00f3n permanente. A partir de hoy se quedan 16 elementos\u201d, se\u00f1al\u00f3 el titular de la Secretar\u00eda de Seguridad del Pueblo (SSP), \u00d3scar Alberto Aparicio Avenda\u00f1o, al inaugurar la Caseta de Vigilancia y Seguridad en la zona media alta de Tapachula.<\/p>\n\n\n\n<p>Acompa\u00f1ado del subsecretario de Seguridad del Pueblo, \u00c1lvaro Cuauht\u00e9moc Serrano Escobedo; del presidente municipal de Tapachula, Yamil Melgar Bravo; y de Tomas Bruno Edelman Toriello, representante de los finqueros, llevaron a cabo la inauguraci\u00f3n de la caseta de vigilancia y seguridad de la SSP en la comunidad Nueva Alemania en la Perla del Soconusco.<\/p>\n\n\n\n<p>Este m\u00f3dulo de vigilancia y seguridad, estar\u00e1 integrado por elementos de la Fuerza de Reacci\u00f3n Inmediata Pakal (FRIP), Guardia Estatal Preventiva, Guardia Estatal Fronteriza y Polic\u00eda Municipal de Tapachula, quienes coordinar\u00e1n las acciones de prevenci\u00f3n y combate al delito, auxilio y proximidad social.<\/p>\n\n\n\n<p>Por su parte, el edil tapachulteco, Yamil Melgar Bravo, puntualiz\u00f3: \u201cLa instalaci\u00f3n de esta base interinstitucional de seguridad es resultado de los acuerdos con los sectores productivos de la zona media alta de nuestro municipio. Esta es una zona estrat\u00e9gica por lo que fortalecemos la vigilancia, mejoramos la capacidad de respuesta de las instituciones y sobre todo, brindamos mayor seguridad a los habitantes.<\/p>\n\n\n\n<p>En su intervenci\u00f3n, el representante de los finqueros, Tomas Bruno Edelman Toriello, expres\u00f3: \u201cEsta zona es muy concurrida, al a\u00f1o tenemos alrededor de 80 mil personas que transitan entre comerciantes, visitantes y productores, es un universo muy grande, entonces a nombre de ellos, muchas gracias por aceptar nuestra propuesta de que esto se llevar\u00e1 a cabo. Para nosotros esto es seguridad de garant\u00eda para el turismo\u201d.<\/p>\n\n\n\n<p>Con estas acciones, la SSP refrenda el compromiso de mantener estrategias de seguridad en beneficio de la ciudadan\u00eda en todos los rincones de Chiapas, tal y como lo ha instruido el gobernador del Estado Eduardo Ram\u00edrez Aguilar.<\/p>\n","protected":false},"excerpt":{"rendered":"<p>Tapachula, Chiapas; 08 de abril de 2026.- \u201cEstamos viendo cristalizado un proyecto que iniciamos hace aproximadamente un a\u00f1o, donde comentamos que \u00edbamos a tener una base de operaci\u00f3n permanente. A partir de hoy se quedan 16 elementos\u201d, se\u00f1al\u00f3 el titular de la Secretar\u00eda de Seguridad del Pueblo (SSP), \u00d3scar Alberto Aparicio Avenda\u00f1o, al inaugurar la [&hellip;]<\/p>\n","protected":false},"author":1,"featured_media":139359,"comment_status":"closed","ping_status":"closed","sticky":false,"template":"","format":"standard","meta":{"footnotes":""},"categories":[1],"tags":[],"class_list":["post-139331","post","type-post","status-publish","format-standard","has-post-thumbnail","hentry","category-general"],"_links":{"self":[{"href":"https:\/\/elobservadorzonanorte.com.mx\/index.php?rest_route=\/wp\/v2\/posts\/139331","targetHints":{"allow":["GET"]}}],"collection":[{"href":"https:\/\/elobservadorzonanorte.com.mx\/index.php?rest_route=\/wp\/v2\/posts"}],"about":[{"href":"https:\/\/elobservadorzonanorte.com.mx\/index.php?rest_route=\/wp\/v2\/types\/post"}],"author":[{"embeddable":true,"href":"https:\/\/elobservadorzonanorte.com.mx\/index.php?rest_route=\/wp\/v2\/users\/1"}],"replies":[{"embeddable":true,"href":"https:\/\/elobservadorzonanorte.com.mx\/index.php?rest_route=%2Fwp%2Fv2%2Fcomments&post=139331"}],"version-history":[{"count":1,"href":"https:\/\/elobservadorzonanorte.com.mx\/index.php?rest_route=\/wp\/v2\/posts\/139331\/revisions"}],"predecessor-version":[{"id":139360,"href":"https:\/\/elobservadorzonanorte.com.mx\/index.php?rest_route=\/wp\/v2\/posts\/139331\/revisions\/139360"}],"wp:featuredmedia":[{"embeddable":true,"href":"https:\/\/elobservadorzonanorte.com.mx\/index.php?rest_route=\/wp\/v2\/media\/139359"}],"wp:attachment":[{"href":"https:\/\/elobservadorzonanorte.com.mx\/index.php?rest_route=%2Fwp%2Fv2%2Fmedia&parent=139331"}],"wp:term":[{"taxonomy":"category","embeddable":true,"href":"https:\/\/elobservadorzonanorte.com.mx\/index.php?rest_route=%2Fwp%2Fv2%2Fcategories&post=139331"},{"taxonomy":"post_tag","embeddable":true,"href":"https:\/\/elobservadorzonanorte.com.mx\/index.php?rest_route=%2Fwp%2Fv2%2Ftags&post=139331"}],"curies":[{"name":"wp","href":"https:\/\/api.w.org\/{rel}","templated":true}]}}