{"id":139325,"date":"2026-04-09T04:52:57","date_gmt":"2026-04-09T04:52:57","guid":{"rendered":"https:\/\/elobservadorzonanorte.com.mx\/?p=139325"},"modified":"2026-04-09T04:52:58","modified_gmt":"2026-04-09T04:52:58","slug":"eduardo-ramirez-agradece-a-claudia-sheinbaum-impulso-al-bienestar-con-viviendas-en-chiapas-2","status":"publish","type":"post","link":"https:\/\/elobservadorzonanorte.com.mx\/?p=139325","title":{"rendered":"*Eduardo Ram\u00edrez agradece a Claudia Sheinbaum impulso al bienestar con viviendas en Chiapas*"},"content":{"rendered":"<p><iframe loading=\"lazy\" src=\"https:\/\/www.facebook.com\/plugins\/video.php?height=476&#038;href=https%3A%2F%2Fwww.facebook.com%2Freel%2F26326103237058923%2F&#038;show_text=false&#038;width=267&#038;t=0\" width=\"267\" height=\"476\" style=\"border:none;overflow:hidden\" scrolling=\"no\" frameborder=\"0\" allowfullscreen=\"true\" allow=\"autoplay; clipboard-write; encrypted-media; picture-in-picture; web-share\" allowFullScreen=\"true\"><\/iframe><\/p>\n\n\n\n<p>Mediante un enlace virtual a la Conferencia de Prensa Matutina, encabezada por la presidenta Claudia Sheinbaum Pardo, el gobernador Eduardo Ram\u00edrez Aguilar le agradeci\u00f3 el respaldo brindado a las familias chiapanecas para acceder a una vivienda propia a trav\u00e9s del Programa Vivienda para el Bienestar. En el marco de la entrega del Fraccionamiento Lacant\u00fan, en Tuxtla Guti\u00e9rrez, donde acompa\u00f1\u00f3 a la secretaria de Desarrollo Agrario, Territorial y Urbano, Edna Vega Rangel, y al director general del Instituto del Fondo Nacional de Vivienda para los Trabajadores, Octavio Romero Oropeza, el mandatario refrend\u00f3 el acompa\u00f1amiento de su gobierno para que esta unidad habitacional, integrada por 176 viviendas, sea un espacio seguro y con condiciones adecuadas para una vida plena. Adem\u00e1s, asegur\u00f3 que se trabaja de manera coordinada con la Federaci\u00f3n para cumplir la meta de otorgar 20 mil viviendas este a\u00f1o.<\/p>\n\n\n\n<figure class=\"wp-block-video\"><\/figure>\n","protected":false},"excerpt":{"rendered":"<p>Mediante un enlace virtual a la Conferencia de Prensa Matutina, encabezada por la presidenta Claudia Sheinbaum Pardo, el gobernador Eduardo Ram\u00edrez Aguilar le agradeci\u00f3 el respaldo brindado a las familias chiapanecas para acceder a una vivienda propia a trav\u00e9s del Programa Vivienda para el Bienestar. En el marco de la entrega del Fraccionamiento Lacant\u00fan, en [&hellip;]<\/p>\n","protected":false},"author":1,"featured_media":0,"comment_status":"closed","ping_status":"closed","sticky":false,"template":"","format":"standard","meta":{"footnotes":""},"categories":[1],"tags":[],"class_list":["post-139325","post","type-post","status-publish","format-standard","hentry","category-general"],"_links":{"self":[{"href":"https:\/\/elobservadorzonanorte.com.mx\/index.php?rest_route=\/wp\/v2\/posts\/139325","targetHints":{"allow":["GET"]}}],"collection":[{"href":"https:\/\/elobservadorzonanorte.com.mx\/index.php?rest_route=\/wp\/v2\/posts"}],"about":[{"href":"https:\/\/elobservadorzonanorte.com.mx\/index.php?rest_route=\/wp\/v2\/types\/post"}],"author":[{"embeddable":true,"href":"https:\/\/elobservadorzonanorte.com.mx\/index.php?rest_route=\/wp\/v2\/users\/1"}],"replies":[{"embeddable":true,"href":"https:\/\/elobservadorzonanorte.com.mx\/index.php?rest_route=%2Fwp%2Fv2%2Fcomments&post=139325"}],"version-history":[{"count":1,"href":"https:\/\/elobservadorzonanorte.com.mx\/index.php?rest_route=\/wp\/v2\/posts\/139325\/revisions"}],"predecessor-version":[{"id":139349,"href":"https:\/\/elobservadorzonanorte.com.mx\/index.php?rest_route=\/wp\/v2\/posts\/139325\/revisions\/139349"}],"wp:attachment":[{"href":"https:\/\/elobservadorzonanorte.com.mx\/index.php?rest_route=%2Fwp%2Fv2%2Fmedia&parent=139325"}],"wp:term":[{"taxonomy":"category","embeddable":true,"href":"https:\/\/elobservadorzonanorte.com.mx\/index.php?rest_route=%2Fwp%2Fv2%2Fcategories&post=139325"},{"taxonomy":"post_tag","embeddable":true,"href":"https:\/\/elobservadorzonanorte.com.mx\/index.php?rest_route=%2Fwp%2Fv2%2Ftags&post=139325"}],"curies":[{"name":"wp","href":"https:\/\/api.w.org\/{rel}","templated":true}]}}