{"id":139270,"date":"2026-04-09T04:49:31","date_gmt":"2026-04-09T04:49:31","guid":{"rendered":"https:\/\/elobservadorzonanorte.com.mx\/?p=139270"},"modified":"2026-04-09T04:49:32","modified_gmt":"2026-04-09T04:49:32","slug":"en-pichucalco-seguimos-contribuyendo-para-brindar-soluciones-reales-para-la-salud","status":"publish","type":"post","link":"https:\/\/elobservadorzonanorte.com.mx\/?p=139270","title":{"rendered":"En Pichucalco seguimos contribuyendo para brindar soluciones reales para la salud."},"content":{"rendered":"<p><iframe loading=\"lazy\" src=\"https:\/\/www.facebook.com\/plugins\/video.php?height=476&#038;href=https%3A%2F%2Fwww.facebook.com%2Freel%2F26290111083992698%2F&#038;show_text=false&#038;width=267&#038;t=0\" width=\"267\" height=\"476\" style=\"border:none;overflow:hidden\" scrolling=\"no\" frameborder=\"0\" allowfullscreen=\"true\" allow=\"autoplay; clipboard-write; encrypted-media; picture-in-picture; web-share\" allowFullScreen=\"true\"><\/iframe><\/p>\n\n\n\n<p>El presidente Andr\u00e9s Carballo C\u00f3rdova, junto diversas autoridades del sector de la salud y presidentes municipales de la Regi\u00f3n VIII Norte, reafirma que la prevenci\u00f3n, el trabajo coordinado y las decisiones estrat\u00e9gicas son la base para mejorar la calidad de vida de nuestras comunidades.<\/p>\n\n\n\n<p><a href=\"https:\/\/www.facebook.com\/watch\/hashtag\/accionesquecontribuyenalcambio?__eep__=6%2F&amp;__cft__[0]=AZYz_Kp_M0tnMNzJWgpc9seMVfcY0uPTbCuAVaHR2wioA5eSPUTp-NFMiKyUa_JOb7b6yl5aPOwrti_UTOWiERAdU4zrTG7eodubPBtXGLDhdkWIsQGvflshQ3RyRyNHTN_06X0XA1614_LQ5lXFLaiTMacmBkKKH6TddIRXGkuVQ8AKSL6iDP-PYcWGgIKa8VMwLNVud-YyqxPejfnmP6SV&amp;__tn__=*NK-R\" target=\"_blank\" rel=\"noopener\">#AccionesQueContribuyenAlCambio<\/a><a href=\"https:\/\/www.facebook.com\/watch\/hashtag\/pichucalco?__eep__=6%2F&amp;__cft__[0]=AZYz_Kp_M0tnMNzJWgpc9seMVfcY0uPTbCuAVaHR2wioA5eSPUTp-NFMiKyUa_JOb7b6yl5aPOwrti_UTOWiERAdU4zrTG7eodubPBtXGLDhdkWIsQGvflshQ3RyRyNHTN_06X0XA1614_LQ5lXFLaiTMacmBkKKH6TddIRXGkuVQ8AKSL6iDP-PYcWGgIKa8VMwLNVud-YyqxPejfnmP6SV&amp;__tn__=*NK-R\" target=\"_blank\" rel=\"noopener\">#Pichucalco<\/a><a href=\"https:\/\/www.facebook.com\/watch\/hashtag\/saludchiapas?__eep__=6%2F&amp;__cft__[0]=AZYz_Kp_M0tnMNzJWgpc9seMVfcY0uPTbCuAVaHR2wioA5eSPUTp-NFMiKyUa_JOb7b6yl5aPOwrti_UTOWiERAdU4zrTG7eodubPBtXGLDhdkWIsQGvflshQ3RyRyNHTN_06X0XA1614_LQ5lXFLaiTMacmBkKKH6TddIRXGkuVQ8AKSL6iDP-PYcWGgIKa8VMwLNVud-YyqxPejfnmP6SV&amp;__tn__=*NK-R\" target=\"_blank\" rel=\"noopener\">#SaludChiapas<\/a><\/p>\n\n\n\n<figure class=\"wp-block-video\"><\/figure>\n","protected":false},"excerpt":{"rendered":"<p>El presidente Andr\u00e9s Carballo C\u00f3rdova, junto diversas autoridades del sector de la salud y presidentes municipales de la Regi\u00f3n VIII Norte, reafirma que la prevenci\u00f3n, el trabajo coordinado y las decisiones estrat\u00e9gicas son la base para mejorar la calidad de vida de nuestras comunidades. #AccionesQueContribuyenAlCambio#Pichucalco#SaludChiapas<\/p>\n","protected":false},"author":1,"featured_media":0,"comment_status":"closed","ping_status":"closed","sticky":false,"template":"","format":"standard","meta":{"footnotes":""},"categories":[1],"tags":[],"class_list":["post-139270","post","type-post","status-publish","format-standard","hentry","category-general"],"_links":{"self":[{"href":"https:\/\/elobservadorzonanorte.com.mx\/index.php?rest_route=\/wp\/v2\/posts\/139270","targetHints":{"allow":["GET"]}}],"collection":[{"href":"https:\/\/elobservadorzonanorte.com.mx\/index.php?rest_route=\/wp\/v2\/posts"}],"about":[{"href":"https:\/\/elobservadorzonanorte.com.mx\/index.php?rest_route=\/wp\/v2\/types\/post"}],"author":[{"embeddable":true,"href":"https:\/\/elobservadorzonanorte.com.mx\/index.php?rest_route=\/wp\/v2\/users\/1"}],"replies":[{"embeddable":true,"href":"https:\/\/elobservadorzonanorte.com.mx\/index.php?rest_route=%2Fwp%2Fv2%2Fcomments&post=139270"}],"version-history":[{"count":1,"href":"https:\/\/elobservadorzonanorte.com.mx\/index.php?rest_route=\/wp\/v2\/posts\/139270\/revisions"}],"predecessor-version":[{"id":139315,"href":"https:\/\/elobservadorzonanorte.com.mx\/index.php?rest_route=\/wp\/v2\/posts\/139270\/revisions\/139315"}],"wp:attachment":[{"href":"https:\/\/elobservadorzonanorte.com.mx\/index.php?rest_route=%2Fwp%2Fv2%2Fmedia&parent=139270"}],"wp:term":[{"taxonomy":"category","embeddable":true,"href":"https:\/\/elobservadorzonanorte.com.mx\/index.php?rest_route=%2Fwp%2Fv2%2Fcategories&post=139270"},{"taxonomy":"post_tag","embeddable":true,"href":"https:\/\/elobservadorzonanorte.com.mx\/index.php?rest_route=%2Fwp%2Fv2%2Ftags&post=139270"}],"curies":[{"name":"wp","href":"https:\/\/api.w.org\/{rel}","templated":true}]}}