{"id":139269,"date":"2026-04-09T04:49:16","date_gmt":"2026-04-09T04:49:16","guid":{"rendered":"https:\/\/elobservadorzonanorte.com.mx\/?p=139269"},"modified":"2026-04-09T04:49:17","modified_gmt":"2026-04-09T04:49:17","slug":"asiste-osmar-velasco-garcia-a-mesa-de-paz-en-solosuchiapa","status":"publish","type":"post","link":"https:\/\/elobservadorzonanorte.com.mx\/?p=139269","title":{"rendered":"Asiste Osmar Velasco Garcia a mesa de paz en Solosuchiapa"},"content":{"rendered":"\n<figure class=\"wp-block-image size-full\"><img decoding=\"async\" width=\"358\" height=\"590\" src=\"https:\/\/elobservadorzonanorte.com.mx\/wp-content\/uploads\/2026\/04\/imagen-3-15.jpg\" alt=\"\" class=\"wp-image-139312\" srcset=\"https:\/\/elobservadorzonanorte.com.mx\/wp-content\/uploads\/2026\/04\/imagen-3-15.jpg 358w, https:\/\/elobservadorzonanorte.com.mx\/wp-content\/uploads\/2026\/04\/imagen-3-15-182x300.jpg 182w\" sizes=\"(max-width: 358px) 100vw, 358px\" \/><\/figure>\n\n\n\n<figure class=\"wp-block-image size-full\"><img decoding=\"async\" width=\"590\" height=\"443\" src=\"https:\/\/elobservadorzonanorte.com.mx\/wp-content\/uploads\/2026\/04\/imagen-3-16.jpg\" alt=\"\" class=\"wp-image-139313\" srcset=\"https:\/\/elobservadorzonanorte.com.mx\/wp-content\/uploads\/2026\/04\/imagen-3-16.jpg 590w, https:\/\/elobservadorzonanorte.com.mx\/wp-content\/uploads\/2026\/04\/imagen-3-16-300x225.jpg 300w\" sizes=\"(max-width: 590px) 100vw, 590px\" \/><\/figure>\n\n\n\n<p>El presidente municipal de Pantepec Osmar William Velasco Garc\u00eda asisti\u00f3 a la mesa de paz donde se cont\u00f3 con la asistencia de corporaciones y alcaldes de la regi\u00f3n.<\/p>\n\n\n\n<p>Velasco Garc\u00eda refrend\u00f3 su compromiso con las familias de Pantepec durante esta reuni\u00f3n, por lo que sin duda es de mucho beneficio este tipo de acciones para brindar mayor tranquilidad a las familias de la regi\u00f3n, as\u00ed como fortalecer la cercan\u00eda y colaboraci\u00f3n interinstitucional.<\/p>\n\n\n\n<p>Se trabaj\u00f3 en una agenda conjunta que permitir\u00e1 reducir los \u00edndices delictivos en la regi\u00f3n, que brinde paz y tranquilidad a las familias.<\/p>\n","protected":false},"excerpt":{"rendered":"<p>El presidente municipal de Pantepec Osmar William Velasco Garc\u00eda asisti\u00f3 a la mesa de paz donde se cont\u00f3 con la asistencia de corporaciones y alcaldes de la regi\u00f3n. Velasco Garc\u00eda refrend\u00f3 su compromiso con las familias de Pantepec durante esta reuni\u00f3n, por lo que sin duda es de mucho beneficio este tipo de acciones para [&hellip;]<\/p>\n","protected":false},"author":1,"featured_media":139312,"comment_status":"closed","ping_status":"closed","sticky":false,"template":"","format":"standard","meta":{"footnotes":""},"categories":[1],"tags":[],"class_list":["post-139269","post","type-post","status-publish","format-standard","has-post-thumbnail","hentry","category-general"],"_links":{"self":[{"href":"https:\/\/elobservadorzonanorte.com.mx\/index.php?rest_route=\/wp\/v2\/posts\/139269","targetHints":{"allow":["GET"]}}],"collection":[{"href":"https:\/\/elobservadorzonanorte.com.mx\/index.php?rest_route=\/wp\/v2\/posts"}],"about":[{"href":"https:\/\/elobservadorzonanorte.com.mx\/index.php?rest_route=\/wp\/v2\/types\/post"}],"author":[{"embeddable":true,"href":"https:\/\/elobservadorzonanorte.com.mx\/index.php?rest_route=\/wp\/v2\/users\/1"}],"replies":[{"embeddable":true,"href":"https:\/\/elobservadorzonanorte.com.mx\/index.php?rest_route=%2Fwp%2Fv2%2Fcomments&post=139269"}],"version-history":[{"count":1,"href":"https:\/\/elobservadorzonanorte.com.mx\/index.php?rest_route=\/wp\/v2\/posts\/139269\/revisions"}],"predecessor-version":[{"id":139314,"href":"https:\/\/elobservadorzonanorte.com.mx\/index.php?rest_route=\/wp\/v2\/posts\/139269\/revisions\/139314"}],"wp:featuredmedia":[{"embeddable":true,"href":"https:\/\/elobservadorzonanorte.com.mx\/index.php?rest_route=\/wp\/v2\/media\/139312"}],"wp:attachment":[{"href":"https:\/\/elobservadorzonanorte.com.mx\/index.php?rest_route=%2Fwp%2Fv2%2Fmedia&parent=139269"}],"wp:term":[{"taxonomy":"category","embeddable":true,"href":"https:\/\/elobservadorzonanorte.com.mx\/index.php?rest_route=%2Fwp%2Fv2%2Fcategories&post=139269"},{"taxonomy":"post_tag","embeddable":true,"href":"https:\/\/elobservadorzonanorte.com.mx\/index.php?rest_route=%2Fwp%2Fv2%2Ftags&post=139269"}],"curies":[{"name":"wp","href":"https:\/\/api.w.org\/{rel}","templated":true}]}}