{"id":139265,"date":"2026-04-09T04:48:45","date_gmt":"2026-04-09T04:48:45","guid":{"rendered":"https:\/\/elobservadorzonanorte.com.mx\/?p=139265"},"modified":"2026-04-09T04:48:46","modified_gmt":"2026-04-09T04:48:46","slug":"el-ayuntamiento-de-ixhuatan-conmemora-cada-8-de-mes-el-dia-estatal-de-la-mujer","status":"publish","type":"post","link":"https:\/\/elobservadorzonanorte.com.mx\/?p=139265","title":{"rendered":"El ayuntamiento de Ixhuat\u00e1n conmemora cada 8 de mes el D\u00eda Estatal de la Mujer"},"content":{"rendered":"\n<figure class=\"wp-block-image size-full\"><img decoding=\"async\" width=\"590\" height=\"269\" src=\"https:\/\/elobservadorzonanorte.com.mx\/wp-content\/uploads\/2026\/04\/imagen-3-11.jpg\" alt=\"\" class=\"wp-image-139306\" srcset=\"https:\/\/elobservadorzonanorte.com.mx\/wp-content\/uploads\/2026\/04\/imagen-3-11.jpg 590w, https:\/\/elobservadorzonanorte.com.mx\/wp-content\/uploads\/2026\/04\/imagen-3-11-300x137.jpg 300w\" sizes=\"(max-width: 590px) 100vw, 590px\" \/><\/figure>\n\n\n\n<figure class=\"wp-block-image size-full\"><img decoding=\"async\" width=\"590\" height=\"443\" src=\"https:\/\/elobservadorzonanorte.com.mx\/wp-content\/uploads\/2026\/04\/imagen-3-12.jpg\" alt=\"\" class=\"wp-image-139307\" srcset=\"https:\/\/elobservadorzonanorte.com.mx\/wp-content\/uploads\/2026\/04\/imagen-3-12.jpg 590w, https:\/\/elobservadorzonanorte.com.mx\/wp-content\/uploads\/2026\/04\/imagen-3-12-300x225.jpg 300w\" sizes=\"(max-width: 590px) 100vw, 590px\" \/><\/figure>\n\n\n\n<figure class=\"wp-block-image size-full\"><img decoding=\"async\" width=\"590\" height=\"443\" src=\"https:\/\/elobservadorzonanorte.com.mx\/wp-content\/uploads\/2026\/04\/imagen-3-13.jpg\" alt=\"\" class=\"wp-image-139308\" srcset=\"https:\/\/elobservadorzonanorte.com.mx\/wp-content\/uploads\/2026\/04\/imagen-3-13.jpg 590w, https:\/\/elobservadorzonanorte.com.mx\/wp-content\/uploads\/2026\/04\/imagen-3-13-300x225.jpg 300w\" sizes=\"(max-width: 590px) 100vw, 590px\" \/><\/figure>\n\n\n\n<p>Reconociendo el gobierno municipal que preside Guadalupe L\u00f3pez Camacho la invaluable participaci\u00f3n de todas las mujeres en cada \u00e1mbito de la vida, as\u00ed como su lucha constante por un futuro m\u00e1s justo e igualitario.<\/p>\n\n\n\n<p>En Ixhuat\u00e1n nos sumamos a este importante reconocimiento.<\/p>\n\n\n\n<p>Reafirmamos nuestro compromiso de seguir impulsando acciones que garanticen inclusi\u00f3n, respeto y m\u00e1s oportunidades para todas. <img decoding=\"async\" height=\"16\" width=\"16\" alt=\"\u2728\" src=\"https:\/\/static.xx.fbcdn.net\/images\/emoji.php\/v9\/tf4\/1\/16\/2728.png\"><\/p>\n\n\n\n<p>Porque una sociedad m\u00e1s fuerte se construye con igualdad <img decoding=\"async\" height=\"16\" width=\"16\" alt=\"\ud83d\udcaa\" src=\"https:\/\/static.xx.fbcdn.net\/images\/emoji.php\/v9\/t6c\/1\/16\/1f4aa.png\"><img decoding=\"async\" height=\"16\" width=\"16\" alt=\"\ud83d\udc9c\" src=\"https:\/\/static.xx.fbcdn.net\/images\/emoji.php\/v9\/t96\/1\/16\/1f49c.png\"><\/p>\n\n\n\n<p><a href=\"https:\/\/www.facebook.com\/hashtag\/d%C3%ADaestataldelamujer?__eep__=6&amp;__cft__[0]=AZb6HFJWeObSOZwsmnYtY7VKH9y-wZQHDldnQou3XHJ3m3AtXpMnzHT2M7q9W2TAd4rDcOqg8GyTHcHF3wsi-J_UIF_JEYV7pfDgeG8L7l9xcJzsSb43Ly3TKQ-fJ-WL6ynIxhGd0_u5nQxjnkZZeW60w_MDGj0AMKWHec7MJf45MTgKM_EXfDIF3oaX9IK7okU&amp;__tn__=*NK-R\" target=\"_blank\" rel=\"noopener\">#D\u00edaEstatalDeLaMujer<\/a><a href=\"https:\/\/www.facebook.com\/hashtag\/igualdad?__eep__=6&amp;__cft__[0]=AZb6HFJWeObSOZwsmnYtY7VKH9y-wZQHDldnQou3XHJ3m3AtXpMnzHT2M7q9W2TAd4rDcOqg8GyTHcHF3wsi-J_UIF_JEYV7pfDgeG8L7l9xcJzsSb43Ly3TKQ-fJ-WL6ynIxhGd0_u5nQxjnkZZeW60w_MDGj0AMKWHec7MJf45MTgKM_EXfDIF3oaX9IK7okU&amp;__tn__=*NK-R\" target=\"_blank\" rel=\"noopener\">#Igualdad<\/a><a href=\"https:\/\/www.facebook.com\/hashtag\/ixhuat%C3%A1n?__eep__=6&amp;__cft__[0]=AZb6HFJWeObSOZwsmnYtY7VKH9y-wZQHDldnQou3XHJ3m3AtXpMnzHT2M7q9W2TAd4rDcOqg8GyTHcHF3wsi-J_UIF_JEYV7pfDgeG8L7l9xcJzsSb43Ly3TKQ-fJ-WL6ynIxhGd0_u5nQxjnkZZeW60w_MDGj0AMKWHec7MJf45MTgKM_EXfDIF3oaX9IK7okU&amp;__tn__=*NK-R\" target=\"_blank\" rel=\"noopener\">#Ixhuat\u00e1n<\/a><a href=\"https:\/\/www.facebook.com\/hashtag\/mujeresfuertes?__eep__=6&amp;__cft__[0]=AZb6HFJWeObSOZwsmnYtY7VKH9y-wZQHDldnQou3XHJ3m3AtXpMnzHT2M7q9W2TAd4rDcOqg8GyTHcHF3wsi-J_UIF_JEYV7pfDgeG8L7l9xcJzsSb43Ly3TKQ-fJ-WL6ynIxhGd0_u5nQxjnkZZeW60w_MDGj0AMKWHec7MJf45MTgKM_EXfDIF3oaX9IK7okU&amp;__tn__=*NK-R\" target=\"_blank\" rel=\"noopener\">#MujeresFuertes<\/a><\/p>\n","protected":false},"excerpt":{"rendered":"<p>Reconociendo el gobierno municipal que preside Guadalupe L\u00f3pez Camacho la invaluable participaci\u00f3n de todas las mujeres en cada \u00e1mbito de la vida, as\u00ed como su lucha constante por un futuro m\u00e1s justo e igualitario. En Ixhuat\u00e1n nos sumamos a este importante reconocimiento. Reafirmamos nuestro compromiso de seguir impulsando acciones que garanticen inclusi\u00f3n, respeto y m\u00e1s [&hellip;]<\/p>\n","protected":false},"author":1,"featured_media":139307,"comment_status":"closed","ping_status":"closed","sticky":false,"template":"","format":"standard","meta":{"footnotes":""},"categories":[1],"tags":[],"class_list":["post-139265","post","type-post","status-publish","format-standard","has-post-thumbnail","hentry","category-general"],"_links":{"self":[{"href":"https:\/\/elobservadorzonanorte.com.mx\/index.php?rest_route=\/wp\/v2\/posts\/139265","targetHints":{"allow":["GET"]}}],"collection":[{"href":"https:\/\/elobservadorzonanorte.com.mx\/index.php?rest_route=\/wp\/v2\/posts"}],"about":[{"href":"https:\/\/elobservadorzonanorte.com.mx\/index.php?rest_route=\/wp\/v2\/types\/post"}],"author":[{"embeddable":true,"href":"https:\/\/elobservadorzonanorte.com.mx\/index.php?rest_route=\/wp\/v2\/users\/1"}],"replies":[{"embeddable":true,"href":"https:\/\/elobservadorzonanorte.com.mx\/index.php?rest_route=%2Fwp%2Fv2%2Fcomments&post=139265"}],"version-history":[{"count":1,"href":"https:\/\/elobservadorzonanorte.com.mx\/index.php?rest_route=\/wp\/v2\/posts\/139265\/revisions"}],"predecessor-version":[{"id":139309,"href":"https:\/\/elobservadorzonanorte.com.mx\/index.php?rest_route=\/wp\/v2\/posts\/139265\/revisions\/139309"}],"wp:featuredmedia":[{"embeddable":true,"href":"https:\/\/elobservadorzonanorte.com.mx\/index.php?rest_route=\/wp\/v2\/media\/139307"}],"wp:attachment":[{"href":"https:\/\/elobservadorzonanorte.com.mx\/index.php?rest_route=%2Fwp%2Fv2%2Fmedia&parent=139265"}],"wp:term":[{"taxonomy":"category","embeddable":true,"href":"https:\/\/elobservadorzonanorte.com.mx\/index.php?rest_route=%2Fwp%2Fv2%2Fcategories&post=139265"},{"taxonomy":"post_tag","embeddable":true,"href":"https:\/\/elobservadorzonanorte.com.mx\/index.php?rest_route=%2Fwp%2Fv2%2Ftags&post=139265"}],"curies":[{"name":"wp","href":"https:\/\/api.w.org\/{rel}","templated":true}]}}