{"id":139263,"date":"2026-04-09T04:47:34","date_gmt":"2026-04-09T04:47:34","guid":{"rendered":"https:\/\/elobservadorzonanorte.com.mx\/?p=139263"},"modified":"2026-04-09T04:47:36","modified_gmt":"2026-04-09T04:47:36","slug":"reunion-de-trabajo-de-la-red-regional-de-municipios-por-la-salud-viii-norte","status":"publish","type":"post","link":"https:\/\/elobservadorzonanorte.com.mx\/?p=139263","title":{"rendered":"Reuni\u00f3n de trabajo de la Red Regional de Municipios por la Salud VIII Norte"},"content":{"rendered":"\n<figure class=\"wp-block-image size-full\"><img decoding=\"async\" width=\"590\" height=\"393\" src=\"https:\/\/elobservadorzonanorte.com.mx\/wp-content\/uploads\/2026\/04\/imagen-3-4.jpg\" alt=\"\" class=\"wp-image-139295\" srcset=\"https:\/\/elobservadorzonanorte.com.mx\/wp-content\/uploads\/2026\/04\/imagen-3-4.jpg 590w, https:\/\/elobservadorzonanorte.com.mx\/wp-content\/uploads\/2026\/04\/imagen-3-4-300x200.jpg 300w\" sizes=\"(max-width: 590px) 100vw, 590px\" \/><\/figure>\n\n\n\n<figure class=\"wp-block-image size-full\"><img decoding=\"async\" width=\"590\" height=\"332\" src=\"https:\/\/elobservadorzonanorte.com.mx\/wp-content\/uploads\/2026\/04\/imagen-3-5.jpg\" alt=\"\" class=\"wp-image-139296\" srcset=\"https:\/\/elobservadorzonanorte.com.mx\/wp-content\/uploads\/2026\/04\/imagen-3-5.jpg 590w, https:\/\/elobservadorzonanorte.com.mx\/wp-content\/uploads\/2026\/04\/imagen-3-5-300x169.jpg 300w\" sizes=\"(max-width: 590px) 100vw, 590px\" \/><\/figure>\n\n\n\n<figure class=\"wp-block-image size-full\"><img decoding=\"async\" width=\"590\" height=\"393\" src=\"https:\/\/elobservadorzonanorte.com.mx\/wp-content\/uploads\/2026\/04\/imagen-3-6.jpg\" alt=\"\" class=\"wp-image-139297\" srcset=\"https:\/\/elobservadorzonanorte.com.mx\/wp-content\/uploads\/2026\/04\/imagen-3-6.jpg 590w, https:\/\/elobservadorzonanorte.com.mx\/wp-content\/uploads\/2026\/04\/imagen-3-6-300x200.jpg 300w\" sizes=\"(max-width: 590px) 100vw, 590px\" \/><\/figure>\n\n\n\n<p>El presidente municipal de Pichucalco, <a href=\"https:\/\/www.facebook.com\/andrescarballocordova?__cft__[0]=AZauVo32FYu9m2CN_T6rVR3HMZ3jZkGlvG2BZgvQmVBksBx3uWBSnKztpwZR0RndCXeItQiFR7Pcz6kxLoOLPj_4NtsUFF5AEilDXn9QzO117u75GTpllXvNFLRFLn41J4ny6R3fjp3z_Wy0fLUnb8ol9Hm6UH3pGQc8ihL_Bw1Q5BTfYHXGlDiL3S8uuSNcSwU&amp;__tn__=-]K-R\" target=\"_blank\" rel=\"noopener\">Andres Carballo Cordova<\/a> en su calidad de presidente de la Red Regional de Municipios por la Salud Regi\u00f3n VIII Norte, particip\u00f3 en la reuni\u00f3n de trabajo encabezada por el Dr. Guillermo Ituriel Gordillo Penagos, Jefe de la Jurisdicci\u00f3n Sanitaria No. V de Pichucalco.<\/p>\n\n\n\n<p>Durante su intervenci\u00f3n, el presidente Carballo C\u00f3rdova destac\u00f3 que este tipo de espacios representan una oportunidad para construir soluciones reales y acuerdos que impactan directamente en las comunidades. Se\u00f1al\u00f3 que las necesidades de salud no se atienden \u00fanicamente desde los hospitales, sino que se fortalecen desde las decisiones estrat\u00e9gicas y la prevenci\u00f3n, pilares fundamentales para mejorar la calidad de vida de la poblaci\u00f3n.<\/p>\n\n\n\n<p>La reuni\u00f3n cont\u00f3 con la presencia de autoridades regionales, presidentes municipales de la regi\u00f3n, representantes m\u00e9dicos y l\u00edderes comunitarios, quienes reafirmaron su compromiso de trabajar de manera coordinada en favor de la salud p\u00fablica y el bienestar de las familias.<\/p>\n\n\n\n<p><a href=\"https:\/\/www.facebook.com\/hashtag\/accionesquecontribuyenalcambio?__eep__=6&amp;__cft__[0]=AZauVo32FYu9m2CN_T6rVR3HMZ3jZkGlvG2BZgvQmVBksBx3uWBSnKztpwZR0RndCXeItQiFR7Pcz6kxLoOLPj_4NtsUFF5AEilDXn9QzO117u75GTpllXvNFLRFLn41J4ny6R3fjp3z_Wy0fLUnb8ol9Hm6UH3pGQc8ihL_Bw1Q5BTfYHXGlDiL3S8uuSNcSwU&amp;__tn__=*NK-R\" target=\"_blank\" rel=\"noopener\">#AccionesQueContribuyenAlCambio<\/a><a href=\"https:\/\/www.facebook.com\/hashtag\/pichucalco?__eep__=6&amp;__cft__[0]=AZauVo32FYu9m2CN_T6rVR3HMZ3jZkGlvG2BZgvQmVBksBx3uWBSnKztpwZR0RndCXeItQiFR7Pcz6kxLoOLPj_4NtsUFF5AEilDXn9QzO117u75GTpllXvNFLRFLn41J4ny6R3fjp3z_Wy0fLUnb8ol9Hm6UH3pGQc8ihL_Bw1Q5BTfYHXGlDiL3S8uuSNcSwU&amp;__tn__=*NK-R\" target=\"_blank\" rel=\"noopener\">#Pichucalco<\/a><a href=\"https:\/\/www.facebook.com\/hashtag\/redregionaldemunicipiosporlasalud?__eep__=6&amp;__cft__[0]=AZauVo32FYu9m2CN_T6rVR3HMZ3jZkGlvG2BZgvQmVBksBx3uWBSnKztpwZR0RndCXeItQiFR7Pcz6kxLoOLPj_4NtsUFF5AEilDXn9QzO117u75GTpllXvNFLRFLn41J4ny6R3fjp3z_Wy0fLUnb8ol9Hm6UH3pGQc8ihL_Bw1Q5BTfYHXGlDiL3S8uuSNcSwU&amp;__tn__=*NK-R\" target=\"_blank\" rel=\"noopener\">#RedRegionaldeMunicipiosporlaSalud<\/a><a href=\"https:\/\/www.facebook.com\/hashtag\/saludchiapas?__eep__=6&amp;__cft__[0]=AZauVo32FYu9m2CN_T6rVR3HMZ3jZkGlvG2BZgvQmVBksBx3uWBSnKztpwZR0RndCXeItQiFR7Pcz6kxLoOLPj_4NtsUFF5AEilDXn9QzO117u75GTpllXvNFLRFLn41J4ny6R3fjp3z_Wy0fLUnb8ol9Hm6UH3pGQc8ihL_Bw1Q5BTfYHXGlDiL3S8uuSNcSwU&amp;__tn__=*NK-R\" target=\"_blank\" rel=\"noopener\">#SaludChiapas<\/a><\/p>\n","protected":false},"excerpt":{"rendered":"<p>El presidente municipal de Pichucalco, Andres Carballo Cordova en su calidad de presidente de la Red Regional de Municipios por la Salud Regi\u00f3n VIII Norte, particip\u00f3 en la reuni\u00f3n de trabajo encabezada por el Dr. Guillermo Ituriel Gordillo Penagos, Jefe de la Jurisdicci\u00f3n Sanitaria No. V de Pichucalco. Durante su intervenci\u00f3n, el presidente Carballo C\u00f3rdova [&hellip;]<\/p>\n","protected":false},"author":1,"featured_media":139297,"comment_status":"closed","ping_status":"closed","sticky":false,"template":"","format":"standard","meta":{"footnotes":""},"categories":[1],"tags":[],"class_list":["post-139263","post","type-post","status-publish","format-standard","has-post-thumbnail","hentry","category-general"],"_links":{"self":[{"href":"https:\/\/elobservadorzonanorte.com.mx\/index.php?rest_route=\/wp\/v2\/posts\/139263","targetHints":{"allow":["GET"]}}],"collection":[{"href":"https:\/\/elobservadorzonanorte.com.mx\/index.php?rest_route=\/wp\/v2\/posts"}],"about":[{"href":"https:\/\/elobservadorzonanorte.com.mx\/index.php?rest_route=\/wp\/v2\/types\/post"}],"author":[{"embeddable":true,"href":"https:\/\/elobservadorzonanorte.com.mx\/index.php?rest_route=\/wp\/v2\/users\/1"}],"replies":[{"embeddable":true,"href":"https:\/\/elobservadorzonanorte.com.mx\/index.php?rest_route=%2Fwp%2Fv2%2Fcomments&post=139263"}],"version-history":[{"count":1,"href":"https:\/\/elobservadorzonanorte.com.mx\/index.php?rest_route=\/wp\/v2\/posts\/139263\/revisions"}],"predecessor-version":[{"id":139298,"href":"https:\/\/elobservadorzonanorte.com.mx\/index.php?rest_route=\/wp\/v2\/posts\/139263\/revisions\/139298"}],"wp:featuredmedia":[{"embeddable":true,"href":"https:\/\/elobservadorzonanorte.com.mx\/index.php?rest_route=\/wp\/v2\/media\/139297"}],"wp:attachment":[{"href":"https:\/\/elobservadorzonanorte.com.mx\/index.php?rest_route=%2Fwp%2Fv2%2Fmedia&parent=139263"}],"wp:term":[{"taxonomy":"category","embeddable":true,"href":"https:\/\/elobservadorzonanorte.com.mx\/index.php?rest_route=%2Fwp%2Fv2%2Fcategories&post=139263"},{"taxonomy":"post_tag","embeddable":true,"href":"https:\/\/elobservadorzonanorte.com.mx\/index.php?rest_route=%2Fwp%2Fv2%2Ftags&post=139263"}],"curies":[{"name":"wp","href":"https:\/\/api.w.org\/{rel}","templated":true}]}}