{"id":139262,"date":"2026-04-09T04:47:18","date_gmt":"2026-04-09T04:47:18","guid":{"rendered":"https:\/\/elobservadorzonanorte.com.mx\/?p=139262"},"modified":"2026-04-09T04:47:20","modified_gmt":"2026-04-09T04:47:20","slug":"participa-majin-aguilar-utrilla-en-reunion-de-red-de-municipios-por-la-salud","status":"publish","type":"post","link":"https:\/\/elobservadorzonanorte.com.mx\/?p=139262","title":{"rendered":"Participa Majin Aguilar Utrilla en reuni\u00f3n de red de municipios por la Salud"},"content":{"rendered":"\n<figure class=\"wp-block-image size-full\"><img decoding=\"async\" width=\"585\" height=\"320\" src=\"https:\/\/elobservadorzonanorte.com.mx\/wp-content\/uploads\/2026\/04\/imagen-2.png\" alt=\"\" class=\"wp-image-139291\" srcset=\"https:\/\/elobservadorzonanorte.com.mx\/wp-content\/uploads\/2026\/04\/imagen-2.png 585w, https:\/\/elobservadorzonanorte.com.mx\/wp-content\/uploads\/2026\/04\/imagen-2-300x164.png 300w\" sizes=\"(max-width: 585px) 100vw, 585px\" \/><\/figure>\n\n\n\n<figure class=\"wp-block-image size-full\"><img decoding=\"async\" width=\"590\" height=\"332\" src=\"https:\/\/elobservadorzonanorte.com.mx\/wp-content\/uploads\/2026\/04\/imagen-3-2.jpg\" alt=\"\" class=\"wp-image-139292\" srcset=\"https:\/\/elobservadorzonanorte.com.mx\/wp-content\/uploads\/2026\/04\/imagen-3-2.jpg 590w, https:\/\/elobservadorzonanorte.com.mx\/wp-content\/uploads\/2026\/04\/imagen-3-2-300x169.jpg 300w\" sizes=\"(max-width: 590px) 100vw, 590px\" \/><\/figure>\n\n\n\n<figure class=\"wp-block-image size-full\"><img decoding=\"async\" width=\"590\" height=\"332\" src=\"https:\/\/elobservadorzonanorte.com.mx\/wp-content\/uploads\/2026\/04\/imagen-3-3.jpg\" alt=\"\" class=\"wp-image-139293\" srcset=\"https:\/\/elobservadorzonanorte.com.mx\/wp-content\/uploads\/2026\/04\/imagen-3-3.jpg 590w, https:\/\/elobservadorzonanorte.com.mx\/wp-content\/uploads\/2026\/04\/imagen-3-3-300x169.jpg 300w\" sizes=\"(max-width: 590px) 100vw, 590px\" \/><\/figure>\n\n\n\n<p>El alcalde de Amat\u00e1n <a href=\"https:\/\/www.facebook.com\/majin.aguilar.utrilla.2025?__cft__[0]=AZYUf_gKyfRB8Y9nUL78gttXx_vqcA4dZCfNKdjBeKvrXy5i3n13-L9HTCIC7n0Zo_nIGbx2XEtgGou2me4KM7mfO091dJeYUhOD2sZyLNV5U1VPZeIZ1of_2uxwF-APZhDfsLPYnpKBT78V3mi7kNAGGRw0rrK7wLq_dcUBD3SFOG9J7IrWRlDMEaEgs7cey2A&amp;__tn__=-]K-R\" target=\"_blank\" rel=\"noopener\">Majin Aguilar Utrilla<\/a> asisti\u00f3 a la Reuni\u00f3n de Trabajo de la Red Regional de Municipios por la Salud VIII Norte, d\u00f3nde particip\u00f3 y reconoci\u00f3 el trabajo y la coordinaci\u00f3n con las autoridades de salud.<\/p>\n\n\n\n<p>El tambi\u00e9n secretario de la red de municipios por la Salud, agradeci\u00f3 p\u00fablicamente el total apoyo del Dr. Guillermo Ituriel Gordillo Penagos, Jefe de la Jurisdicci\u00f3n Sanitaria y todo su equipo por garantizar los servicios de salud en beneficio de las familias amatecas.<\/p>\n\n\n\n<p>Aguilar Utrilla, se\u00f1al\u00f3 que es lamentable que Amat\u00e1n a\u00fan aparezca como municipio en n\u00fameros rojos, pero se est\u00e1 trabajando de manera coordinada con las autoridades sanitarias para llevar a todos los rincones la prevenci\u00f3n, la atenci\u00f3n y la promoci\u00f3n de la salud.<\/p>\n","protected":false},"excerpt":{"rendered":"<p>El alcalde de Amat\u00e1n Majin Aguilar Utrilla asisti\u00f3 a la Reuni\u00f3n de Trabajo de la Red Regional de Municipios por la Salud VIII Norte, d\u00f3nde particip\u00f3 y reconoci\u00f3 el trabajo y la coordinaci\u00f3n con las autoridades de salud. El tambi\u00e9n secretario de la red de municipios por la Salud, agradeci\u00f3 p\u00fablicamente el total apoyo del [&hellip;]<\/p>\n","protected":false},"author":1,"featured_media":139293,"comment_status":"closed","ping_status":"closed","sticky":false,"template":"","format":"standard","meta":{"footnotes":""},"categories":[1],"tags":[],"class_list":["post-139262","post","type-post","status-publish","format-standard","has-post-thumbnail","hentry","category-general"],"_links":{"self":[{"href":"https:\/\/elobservadorzonanorte.com.mx\/index.php?rest_route=\/wp\/v2\/posts\/139262","targetHints":{"allow":["GET"]}}],"collection":[{"href":"https:\/\/elobservadorzonanorte.com.mx\/index.php?rest_route=\/wp\/v2\/posts"}],"about":[{"href":"https:\/\/elobservadorzonanorte.com.mx\/index.php?rest_route=\/wp\/v2\/types\/post"}],"author":[{"embeddable":true,"href":"https:\/\/elobservadorzonanorte.com.mx\/index.php?rest_route=\/wp\/v2\/users\/1"}],"replies":[{"embeddable":true,"href":"https:\/\/elobservadorzonanorte.com.mx\/index.php?rest_route=%2Fwp%2Fv2%2Fcomments&post=139262"}],"version-history":[{"count":1,"href":"https:\/\/elobservadorzonanorte.com.mx\/index.php?rest_route=\/wp\/v2\/posts\/139262\/revisions"}],"predecessor-version":[{"id":139294,"href":"https:\/\/elobservadorzonanorte.com.mx\/index.php?rest_route=\/wp\/v2\/posts\/139262\/revisions\/139294"}],"wp:featuredmedia":[{"embeddable":true,"href":"https:\/\/elobservadorzonanorte.com.mx\/index.php?rest_route=\/wp\/v2\/media\/139293"}],"wp:attachment":[{"href":"https:\/\/elobservadorzonanorte.com.mx\/index.php?rest_route=%2Fwp%2Fv2%2Fmedia&parent=139262"}],"wp:term":[{"taxonomy":"category","embeddable":true,"href":"https:\/\/elobservadorzonanorte.com.mx\/index.php?rest_route=%2Fwp%2Fv2%2Fcategories&post=139262"},{"taxonomy":"post_tag","embeddable":true,"href":"https:\/\/elobservadorzonanorte.com.mx\/index.php?rest_route=%2Fwp%2Fv2%2Ftags&post=139262"}],"curies":[{"name":"wp","href":"https:\/\/api.w.org\/{rel}","templated":true}]}}