{"id":139261,"date":"2026-04-09T04:47:00","date_gmt":"2026-04-09T04:47:00","guid":{"rendered":"https:\/\/elobservadorzonanorte.com.mx\/?p=139261"},"modified":"2026-04-09T04:47:01","modified_gmt":"2026-04-09T04:47:01","slug":"asiste-fredi-ramirez-diaz-a-la-reunion-de-la-red-regional-de-municipios-por-la-salud-region-viii-norte-en-pichucalco","status":"publish","type":"post","link":"https:\/\/elobservadorzonanorte.com.mx\/?p=139261","title":{"rendered":"Asiste Fredi Ramirez Diaz a la Reuni\u00f3n de la Red Regional de Municipios por la Salud regi\u00f3n VIII Norte en Pichucalco"},"content":{"rendered":"\n<figure class=\"wp-block-image size-full\"><img decoding=\"async\" width=\"590\" height=\"373\" src=\"https:\/\/elobservadorzonanorte.com.mx\/wp-content\/uploads\/2026\/04\/imagen-2-93.jpg\" alt=\"\" class=\"wp-image-139287\" srcset=\"https:\/\/elobservadorzonanorte.com.mx\/wp-content\/uploads\/2026\/04\/imagen-2-93.jpg 590w, https:\/\/elobservadorzonanorte.com.mx\/wp-content\/uploads\/2026\/04\/imagen-2-93-300x190.jpg 300w\" sizes=\"(max-width: 590px) 100vw, 590px\" \/><\/figure>\n\n\n\n<figure class=\"wp-block-image size-full\"><img decoding=\"async\" width=\"590\" height=\"332\" src=\"https:\/\/elobservadorzonanorte.com.mx\/wp-content\/uploads\/2026\/04\/imagen-2-94.jpg\" alt=\"\" class=\"wp-image-139288\" srcset=\"https:\/\/elobservadorzonanorte.com.mx\/wp-content\/uploads\/2026\/04\/imagen-2-94.jpg 590w, https:\/\/elobservadorzonanorte.com.mx\/wp-content\/uploads\/2026\/04\/imagen-2-94-300x169.jpg 300w\" sizes=\"(max-width: 590px) 100vw, 590px\" \/><\/figure>\n\n\n\n<figure class=\"wp-block-image size-full\"><img decoding=\"async\" width=\"590\" height=\"332\" src=\"https:\/\/elobservadorzonanorte.com.mx\/wp-content\/uploads\/2026\/04\/imagen-2-95.jpg\" alt=\"\" class=\"wp-image-139289\" srcset=\"https:\/\/elobservadorzonanorte.com.mx\/wp-content\/uploads\/2026\/04\/imagen-2-95.jpg 590w, https:\/\/elobservadorzonanorte.com.mx\/wp-content\/uploads\/2026\/04\/imagen-2-95-300x169.jpg 300w\" sizes=\"(max-width: 590px) 100vw, 590px\" \/><\/figure>\n\n\n\n<p>*Fredi Ram\u00edrez D\u00edaz dio a conocer que el ayuntamiento ha adquirido un terreno para poder construir una cl\u00ednica de acuerdo a las necesidades de las familias<\/p>\n\n\n\n<p>El vicepresidente de la red Regional de Municipios por la Salud en esta regi\u00f3n, Fredi Ram\u00edrez D\u00edaz particip\u00f3 en esta importante reuni\u00f3n encabezada por el jefe de la jurisdicci\u00f3n sanitaria Guillermo Ituriel Gordillo.<\/p>\n\n\n\n<p>Durante este evento se dieron a conocer por parte de personal de la jurisdicci\u00f3n sanitaria las acciones coordinadas entre las tres \u00f3rdenes de Gobierno en beneficio de las familias.<\/p>\n\n\n\n<p>Al hacer uso de la palabra el tambi\u00e9n presidente de Sunuapa Fredi Ram\u00edrez D\u00edaz agradeci\u00f3 todo el apoyo destinado por parte de las autoridades de salud hacia su municipio.<\/p>\n\n\n\n<p>Ram\u00edrez D\u00edaz, solicit\u00f3 que a trav\u00e9s de la jurisdicci\u00f3n sanitaria que dirige el Dr Guillermo Ituriel Gordillo poder sostener una reuni\u00f3n con el secretario de salud Omar G\u00f3mez y hacer del conocimiento que Sunuapa cuenta ya con el terreno para la construcci\u00f3n de una cl\u00ednica de acuerdo a las necesidades de las familias.<\/p>\n\n\n\n<p>\u00abEn una reuni\u00f3n anterior, hicimos la misma petici\u00f3n al secretario de salud Omar G\u00f3mez y nos solicit\u00f3 que se tuviera el terreno para poder hacer posible est\u00e1 necesidad, hoy podemos decir que ya tenemos el terreno para que se edifique una cl\u00ednica con los servicios necesarios para los habitantes de Sunuapa\u00bb, afirm\u00f3.<\/p>\n","protected":false},"excerpt":{"rendered":"<p>*Fredi Ram\u00edrez D\u00edaz dio a conocer que el ayuntamiento ha adquirido un terreno para poder construir una cl\u00ednica de acuerdo a las necesidades de las familias El vicepresidente de la red Regional de Municipios por la Salud en esta regi\u00f3n, Fredi Ram\u00edrez D\u00edaz particip\u00f3 en esta importante reuni\u00f3n encabezada por el jefe de la jurisdicci\u00f3n [&hellip;]<\/p>\n","protected":false},"author":1,"featured_media":139288,"comment_status":"closed","ping_status":"closed","sticky":false,"template":"","format":"standard","meta":{"footnotes":""},"categories":[1],"tags":[],"class_list":["post-139261","post","type-post","status-publish","format-standard","has-post-thumbnail","hentry","category-general"],"_links":{"self":[{"href":"https:\/\/elobservadorzonanorte.com.mx\/index.php?rest_route=\/wp\/v2\/posts\/139261","targetHints":{"allow":["GET"]}}],"collection":[{"href":"https:\/\/elobservadorzonanorte.com.mx\/index.php?rest_route=\/wp\/v2\/posts"}],"about":[{"href":"https:\/\/elobservadorzonanorte.com.mx\/index.php?rest_route=\/wp\/v2\/types\/post"}],"author":[{"embeddable":true,"href":"https:\/\/elobservadorzonanorte.com.mx\/index.php?rest_route=\/wp\/v2\/users\/1"}],"replies":[{"embeddable":true,"href":"https:\/\/elobservadorzonanorte.com.mx\/index.php?rest_route=%2Fwp%2Fv2%2Fcomments&post=139261"}],"version-history":[{"count":1,"href":"https:\/\/elobservadorzonanorte.com.mx\/index.php?rest_route=\/wp\/v2\/posts\/139261\/revisions"}],"predecessor-version":[{"id":139290,"href":"https:\/\/elobservadorzonanorte.com.mx\/index.php?rest_route=\/wp\/v2\/posts\/139261\/revisions\/139290"}],"wp:featuredmedia":[{"embeddable":true,"href":"https:\/\/elobservadorzonanorte.com.mx\/index.php?rest_route=\/wp\/v2\/media\/139288"}],"wp:attachment":[{"href":"https:\/\/elobservadorzonanorte.com.mx\/index.php?rest_route=%2Fwp%2Fv2%2Fmedia&parent=139261"}],"wp:term":[{"taxonomy":"category","embeddable":true,"href":"https:\/\/elobservadorzonanorte.com.mx\/index.php?rest_route=%2Fwp%2Fv2%2Fcategories&post=139261"},{"taxonomy":"post_tag","embeddable":true,"href":"https:\/\/elobservadorzonanorte.com.mx\/index.php?rest_route=%2Fwp%2Fv2%2Ftags&post=139261"}],"curies":[{"name":"wp","href":"https:\/\/api.w.org\/{rel}","templated":true}]}}