{"id":139260,"date":"2026-04-09T04:46:40","date_gmt":"2026-04-09T04:46:40","guid":{"rendered":"https:\/\/elobservadorzonanorte.com.mx\/?p=139260"},"modified":"2026-04-09T04:46:41","modified_gmt":"2026-04-09T04:46:41","slug":"participa-fredi-ramirez-diaz-en-mesa-de-paz-en-solosuchiapa","status":"publish","type":"post","link":"https:\/\/elobservadorzonanorte.com.mx\/?p=139260","title":{"rendered":"Participa Fredi Ramirez Diaz en mesa de paz en Solosuchiapa"},"content":{"rendered":"\n<figure class=\"wp-block-image size-full\"><img decoding=\"async\" width=\"590\" height=\"467\" src=\"https:\/\/elobservadorzonanorte.com.mx\/wp-content\/uploads\/2026\/04\/imagen-2-91.jpg\" alt=\"\" class=\"wp-image-139284\" srcset=\"https:\/\/elobservadorzonanorte.com.mx\/wp-content\/uploads\/2026\/04\/imagen-2-91.jpg 590w, https:\/\/elobservadorzonanorte.com.mx\/wp-content\/uploads\/2026\/04\/imagen-2-91-300x237.jpg 300w\" sizes=\"(max-width: 590px) 100vw, 590px\" \/><\/figure>\n\n\n\n<figure class=\"wp-block-image size-full\"><img decoding=\"async\" width=\"590\" height=\"590\" src=\"https:\/\/elobservadorzonanorte.com.mx\/wp-content\/uploads\/2026\/04\/imagen-2-92.jpg\" alt=\"\" class=\"wp-image-139285\" srcset=\"https:\/\/elobservadorzonanorte.com.mx\/wp-content\/uploads\/2026\/04\/imagen-2-92.jpg 590w, https:\/\/elobservadorzonanorte.com.mx\/wp-content\/uploads\/2026\/04\/imagen-2-92-300x300.jpg 300w, https:\/\/elobservadorzonanorte.com.mx\/wp-content\/uploads\/2026\/04\/imagen-2-92-150x150.jpg 150w\" sizes=\"(max-width: 590px) 100vw, 590px\" \/><\/figure>\n\n\n\n<p>El presidente municipal, Lic. Fredi Ramirez Diaz , particip\u00f3 en la Mesa de Paz llevada a cabo en el municipio de Solosuchiapa, un espacio de coordinaci\u00f3n entre autoridades de los tres \u00f3rdenes de gobierno.<\/p>\n\n\n\n<p>Durante la reuni\u00f3n se abordaron temas prioritarios orientados al fortalecimiento de la gobernabilidad, la atenci\u00f3n ciudadana y la implementaci\u00f3n de acciones conjuntas que contribuyan a la paz y seguridad en la regi\u00f3n.<\/p>\n\n\n\n<p>El alcalde Fredi Ram\u00edrez D\u00edaz reiter\u00f3 su compromiso de continuar trabajando de manera interinstitucional, sumando esfuerzos para garantizar la estabilidad, el bienestar y la tranquilidad de las familias de Sunuapa.<\/p>\n","protected":false},"excerpt":{"rendered":"<p>El presidente municipal, Lic. Fredi Ramirez Diaz , particip\u00f3 en la Mesa de Paz llevada a cabo en el municipio de Solosuchiapa, un espacio de coordinaci\u00f3n entre autoridades de los tres \u00f3rdenes de gobierno. Durante la reuni\u00f3n se abordaron temas prioritarios orientados al fortalecimiento de la gobernabilidad, la atenci\u00f3n ciudadana y la implementaci\u00f3n de acciones [&hellip;]<\/p>\n","protected":false},"author":1,"featured_media":139285,"comment_status":"closed","ping_status":"closed","sticky":false,"template":"","format":"standard","meta":{"footnotes":""},"categories":[1],"tags":[],"class_list":["post-139260","post","type-post","status-publish","format-standard","has-post-thumbnail","hentry","category-general"],"_links":{"self":[{"href":"https:\/\/elobservadorzonanorte.com.mx\/index.php?rest_route=\/wp\/v2\/posts\/139260","targetHints":{"allow":["GET"]}}],"collection":[{"href":"https:\/\/elobservadorzonanorte.com.mx\/index.php?rest_route=\/wp\/v2\/posts"}],"about":[{"href":"https:\/\/elobservadorzonanorte.com.mx\/index.php?rest_route=\/wp\/v2\/types\/post"}],"author":[{"embeddable":true,"href":"https:\/\/elobservadorzonanorte.com.mx\/index.php?rest_route=\/wp\/v2\/users\/1"}],"replies":[{"embeddable":true,"href":"https:\/\/elobservadorzonanorte.com.mx\/index.php?rest_route=%2Fwp%2Fv2%2Fcomments&post=139260"}],"version-history":[{"count":1,"href":"https:\/\/elobservadorzonanorte.com.mx\/index.php?rest_route=\/wp\/v2\/posts\/139260\/revisions"}],"predecessor-version":[{"id":139286,"href":"https:\/\/elobservadorzonanorte.com.mx\/index.php?rest_route=\/wp\/v2\/posts\/139260\/revisions\/139286"}],"wp:featuredmedia":[{"embeddable":true,"href":"https:\/\/elobservadorzonanorte.com.mx\/index.php?rest_route=\/wp\/v2\/media\/139285"}],"wp:attachment":[{"href":"https:\/\/elobservadorzonanorte.com.mx\/index.php?rest_route=%2Fwp%2Fv2%2Fmedia&parent=139260"}],"wp:term":[{"taxonomy":"category","embeddable":true,"href":"https:\/\/elobservadorzonanorte.com.mx\/index.php?rest_route=%2Fwp%2Fv2%2Fcategories&post=139260"},{"taxonomy":"post_tag","embeddable":true,"href":"https:\/\/elobservadorzonanorte.com.mx\/index.php?rest_route=%2Fwp%2Fv2%2Ftags&post=139260"}],"curies":[{"name":"wp","href":"https:\/\/api.w.org\/{rel}","templated":true}]}}