{"id":139257,"date":"2026-04-09T04:45:51","date_gmt":"2026-04-09T04:45:51","guid":{"rendered":"https:\/\/elobservadorzonanorte.com.mx\/?p=139257"},"modified":"2026-04-09T04:45:52","modified_gmt":"2026-04-09T04:45:52","slug":"presidente-municipal-recibe-y-respalda-a-equipo-de-voleibol-de-la-telesecundaria-140-de-cardona","status":"publish","type":"post","link":"https:\/\/elobservadorzonanorte.com.mx\/?p=139257","title":{"rendered":"PRESIDENTE MUNICIPAL RECIBE Y RESPALDA A EQUIPO DE VOLEIBOL DE LA TELESECUNDARIA 140 DE CARDONA"},"content":{"rendered":"\n<figure class=\"wp-block-image size-full\"><img decoding=\"async\" width=\"590\" height=\"393\" src=\"https:\/\/elobservadorzonanorte.com.mx\/wp-content\/uploads\/2026\/04\/imagen-2-88.jpg\" alt=\"\" class=\"wp-image-139278\" srcset=\"https:\/\/elobservadorzonanorte.com.mx\/wp-content\/uploads\/2026\/04\/imagen-2-88.jpg 590w, https:\/\/elobservadorzonanorte.com.mx\/wp-content\/uploads\/2026\/04\/imagen-2-88-300x200.jpg 300w\" sizes=\"(max-width: 590px) 100vw, 590px\" \/><\/figure>\n\n\n\n<figure class=\"wp-block-image size-full\"><img decoding=\"async\" width=\"590\" height=\"393\" src=\"https:\/\/elobservadorzonanorte.com.mx\/wp-content\/uploads\/2026\/04\/imagen-2-89.jpg\" alt=\"\" class=\"wp-image-139279\" srcset=\"https:\/\/elobservadorzonanorte.com.mx\/wp-content\/uploads\/2026\/04\/imagen-2-89.jpg 590w, https:\/\/elobservadorzonanorte.com.mx\/wp-content\/uploads\/2026\/04\/imagen-2-89-300x200.jpg 300w\" sizes=\"(max-width: 590px) 100vw, 590px\" \/><\/figure>\n\n\n\n<p>Con el objetivo de fomentar el deporte y respaldar el talento de la juventud del municipio, el Presidente Municipal, Oscar Serra Cantoral, acompa\u00f1ado de integrantes del Cabildo, recibi\u00f3 al equipo de voleibol de la Telesecundaria 140 de la comunidad de Cardona, quienes representar\u00e1n al municipio en la etapa regional de esta disciplina deportiva.<\/p>\n\n\n\n<p>Durante este encuentro, el presidente municipal y los regidores reconocieron el esfuerzo, la dedicaci\u00f3n y el compromiso las estudiantes, destacando la importancia del deporte como una herramienta fundamental para el desarrollo integral de la juventud y la promoci\u00f3n de valores como la disciplina, el trabajo en equipo y la sana convivencia.<\/p>\n\n\n\n<p>Asimismo, las autoridades municipales expresaron sus mejores deseos de \u00e9xito al equipo que participar\u00e1 en esta competencia, reiterando el respaldo del Gobierno Municipal y brindando el apoyo necesario para que las j\u00f3venes puedan acudir y representar dignamente al municipio en este importante evento deportivo.<\/p>\n\n\n\n<p>El Gobierno Municipal reafirma su compromiso de continuar impulsando el deporte y apoyar a las nuevas generaciones, fortaleciendo las oportunidades para los j\u00f3venes desarrollen sus habilidades y alcancen sus metas.<\/p>\n\n\n\n<p><a href=\"https:\/\/www.facebook.com\/hashtag\/humanismoquetransforma?__eep__=6&amp;__cft__[0]=AZZ1H4bA8VCqTKPcHxNhVuDjFCEMVlwYO9ydY_cU68JI-NY5UVGACxxMdBaOUeRGltboFOAHA9yMMtZcmKWTaRi1GE0TD8zDLNNQWGWJpmtmtyun10f6s3MEwcwNfL3wqBpcb1n0l1NOxwOzDQ7Ay13Ne9GS4Fspf0XHBvmS53eZI_5j-AFG7SdNUX0qxA6s3aE&amp;__tn__=*NK-R\" target=\"_blank\" rel=\"noopener\">#HumanismoQueTransforma<\/a><\/p>\n\n\n\n<p><a href=\"https:\/\/www.facebook.com\/hashtag\/sig%C3%A1moslohaciendojuntos?__eep__=6&amp;__cft__[0]=AZZ1H4bA8VCqTKPcHxNhVuDjFCEMVlwYO9ydY_cU68JI-NY5UVGACxxMdBaOUeRGltboFOAHA9yMMtZcmKWTaRi1GE0TD8zDLNNQWGWJpmtmtyun10f6s3MEwcwNfL3wqBpcb1n0l1NOxwOzDQ7Ay13Ne9GS4Fspf0XHBvmS53eZI_5j-AFG7SdNUX0qxA6s3aE&amp;__tn__=*NK-R\" target=\"_blank\" rel=\"noopener\">#Sig\u00e1mosloHaciendoJuntos<\/a><\/p>\n\n\n\n<p><a href=\"https:\/\/www.facebook.com\/hashtag\/siemprecontigo?__eep__=6&amp;__cft__[0]=AZZ1H4bA8VCqTKPcHxNhVuDjFCEMVlwYO9ydY_cU68JI-NY5UVGACxxMdBaOUeRGltboFOAHA9yMMtZcmKWTaRi1GE0TD8zDLNNQWGWJpmtmtyun10f6s3MEwcwNfL3wqBpcb1n0l1NOxwOzDQ7Ay13Ne9GS4Fspf0XHBvmS53eZI_5j-AFG7SdNUX0qxA6s3aE&amp;__tn__=*NK-R\" target=\"_blank\" rel=\"noopener\">#SiempreContigo<\/a><\/p>\n","protected":false},"excerpt":{"rendered":"<p>Con el objetivo de fomentar el deporte y respaldar el talento de la juventud del municipio, el Presidente Municipal, Oscar Serra Cantoral, acompa\u00f1ado de integrantes del Cabildo, recibi\u00f3 al equipo de voleibol de la Telesecundaria 140 de la comunidad de Cardona, quienes representar\u00e1n al municipio en la etapa regional de esta disciplina deportiva. Durante este [&hellip;]<\/p>\n","protected":false},"author":1,"featured_media":139279,"comment_status":"closed","ping_status":"closed","sticky":false,"template":"","format":"standard","meta":{"footnotes":""},"categories":[1],"tags":[],"class_list":["post-139257","post","type-post","status-publish","format-standard","has-post-thumbnail","hentry","category-general"],"_links":{"self":[{"href":"https:\/\/elobservadorzonanorte.com.mx\/index.php?rest_route=\/wp\/v2\/posts\/139257","targetHints":{"allow":["GET"]}}],"collection":[{"href":"https:\/\/elobservadorzonanorte.com.mx\/index.php?rest_route=\/wp\/v2\/posts"}],"about":[{"href":"https:\/\/elobservadorzonanorte.com.mx\/index.php?rest_route=\/wp\/v2\/types\/post"}],"author":[{"embeddable":true,"href":"https:\/\/elobservadorzonanorte.com.mx\/index.php?rest_route=\/wp\/v2\/users\/1"}],"replies":[{"embeddable":true,"href":"https:\/\/elobservadorzonanorte.com.mx\/index.php?rest_route=%2Fwp%2Fv2%2Fcomments&post=139257"}],"version-history":[{"count":1,"href":"https:\/\/elobservadorzonanorte.com.mx\/index.php?rest_route=\/wp\/v2\/posts\/139257\/revisions"}],"predecessor-version":[{"id":139280,"href":"https:\/\/elobservadorzonanorte.com.mx\/index.php?rest_route=\/wp\/v2\/posts\/139257\/revisions\/139280"}],"wp:featuredmedia":[{"embeddable":true,"href":"https:\/\/elobservadorzonanorte.com.mx\/index.php?rest_route=\/wp\/v2\/media\/139279"}],"wp:attachment":[{"href":"https:\/\/elobservadorzonanorte.com.mx\/index.php?rest_route=%2Fwp%2Fv2%2Fmedia&parent=139257"}],"wp:term":[{"taxonomy":"category","embeddable":true,"href":"https:\/\/elobservadorzonanorte.com.mx\/index.php?rest_route=%2Fwp%2Fv2%2Fcategories&post=139257"},{"taxonomy":"post_tag","embeddable":true,"href":"https:\/\/elobservadorzonanorte.com.mx\/index.php?rest_route=%2Fwp%2Fv2%2Ftags&post=139257"}],"curies":[{"name":"wp","href":"https:\/\/api.w.org\/{rel}","templated":true}]}}