{"id":139256,"date":"2026-04-09T04:45:36","date_gmt":"2026-04-09T04:45:36","guid":{"rendered":"https:\/\/elobservadorzonanorte.com.mx\/?p=139256"},"modified":"2026-04-09T04:45:38","modified_gmt":"2026-04-09T04:45:38","slug":"gobierno-municipal-coordina-acciones-de-abatizacion-para-prevenir-el-dengue-en-el-municipio","status":"publish","type":"post","link":"https:\/\/elobservadorzonanorte.com.mx\/?p=139256","title":{"rendered":"GOBIERNO MUNICIPAL COORDINA ACCIONES DE ABATIZACI\u00d3N PARA PREVENIR EL DENGUE EN EL MUNICIPIO"},"content":{"rendered":"\n<figure class=\"wp-block-image size-full\"><img decoding=\"async\" width=\"590\" height=\"393\" src=\"https:\/\/elobservadorzonanorte.com.mx\/wp-content\/uploads\/2026\/04\/imagen-2-86.jpg\" alt=\"\" class=\"wp-image-139275\" srcset=\"https:\/\/elobservadorzonanorte.com.mx\/wp-content\/uploads\/2026\/04\/imagen-2-86.jpg 590w, https:\/\/elobservadorzonanorte.com.mx\/wp-content\/uploads\/2026\/04\/imagen-2-86-300x200.jpg 300w\" sizes=\"(max-width: 590px) 100vw, 590px\" \/><\/figure>\n\n\n\n<figure class=\"wp-block-image size-full\"><img decoding=\"async\" width=\"590\" height=\"393\" src=\"https:\/\/elobservadorzonanorte.com.mx\/wp-content\/uploads\/2026\/04\/imagen-2-87.jpg\" alt=\"\" class=\"wp-image-139276\" srcset=\"https:\/\/elobservadorzonanorte.com.mx\/wp-content\/uploads\/2026\/04\/imagen-2-87.jpg 590w, https:\/\/elobservadorzonanorte.com.mx\/wp-content\/uploads\/2026\/04\/imagen-2-87-300x200.jpg 300w\" sizes=\"(max-width: 590px) 100vw, 590px\" \/><\/figure>\n\n\n\n<p>Con el objetivo de fortalecer las acciones de prevenci\u00f3n y proteger la salud de la poblaci\u00f3n, el Gobierno Municipal que preside Oscar Serra Cantoral, a trav\u00e9s de la Direcci\u00f3n de Salud P\u00fablica Municipal, sostuvo una reuni\u00f3n de trabajo con personal de salud de la Jurisdicci\u00f3n Sanitaria V Norte, con la finalidad de coordinar las actividades de abatizaci\u00f3n en el municipio para eliminar las larvas del mosquito transmisor del dengue (Aedes aegypti).<\/p>\n\n\n\n<p>Durante esta reuni\u00f3n se establecieron estrategias conjuntas para intensificar las acciones preventivas en colonias y comunidades, priorizando la eliminaci\u00f3n de criaderos de mosquitos y la aplicaci\u00f3n de abate en dep\u00f3sitos de agua, contribuyendo as\u00ed a reducir el riesgo de enfermedades transmitidas por vector.<\/p>\n\n\n\n<p>En este importante encuentro participaron las regidoras Rosa Mar\u00eda Paz Contreras y Maygualida Romero Guichard, as\u00ed como la Secretar\u00eda Municipal de Protecci\u00f3n Civil y la Direcci\u00f3n de Limpia, quienes refrendaron su compromiso de trabajar de manera coordinada en beneficio de la salud y bienestar de las familias.<\/p>\n\n\n\n<p>El Gobierno Municipal reafirma su compromiso de continuar impulsando acciones preventivas en coordinaci\u00f3n con las autoridades de salud, promoviendo la participaci\u00f3n ciudadana y fortaleciendo las medidas de control para prevenir la proliferaci\u00f3n del mosquito transmisor del dengue.<\/p>\n\n\n\n<p><a href=\"https:\/\/www.facebook.com\/hashtag\/humanismoquetransforma?__eep__=6&amp;__cft__[0]=AZal0ol_EX-CgKdBxoadXPQGi_NA3xVemuISRP4WMlKAoLzrPhJgNHamGLquSm2B6t14beeBUukzxwMbs_Gliy3mXAqGFI4iuRXCKgVSSlhgSmHvXdVbU5VdWIaHpj11LEtiinW7gv9qSvKPsHNc_1dyEa7K5oCtCtrGGfJ2hpaDP81D3-G5pzWYEYCTSGg8hms&amp;__tn__=*NK-R\" target=\"_blank\" rel=\"noopener\">#HumanismoQueTransforma<\/a><\/p>\n\n\n\n<p><a href=\"https:\/\/www.facebook.com\/hashtag\/sig%C3%A1moslohaciendojuntos?__eep__=6&amp;__cft__[0]=AZal0ol_EX-CgKdBxoadXPQGi_NA3xVemuISRP4WMlKAoLzrPhJgNHamGLquSm2B6t14beeBUukzxwMbs_Gliy3mXAqGFI4iuRXCKgVSSlhgSmHvXdVbU5VdWIaHpj11LEtiinW7gv9qSvKPsHNc_1dyEa7K5oCtCtrGGfJ2hpaDP81D3-G5pzWYEYCTSGg8hms&amp;__tn__=*NK-R\" target=\"_blank\" rel=\"noopener\">#Sig\u00e1mosloHaciendoJuntos<\/a><\/p>\n\n\n\n<p><a href=\"https:\/\/www.facebook.com\/hashtag\/siemprecontigo?__eep__=6&amp;__cft__[0]=AZal0ol_EX-CgKdBxoadXPQGi_NA3xVemuISRP4WMlKAoLzrPhJgNHamGLquSm2B6t14beeBUukzxwMbs_Gliy3mXAqGFI4iuRXCKgVSSlhgSmHvXdVbU5VdWIaHpj11LEtiinW7gv9qSvKPsHNc_1dyEa7K5oCtCtrGGfJ2hpaDP81D3-G5pzWYEYCTSGg8hms&amp;__tn__=*NK-R\" target=\"_blank\" rel=\"noopener\">#SiempreContigo<\/a><\/p>\n","protected":false},"excerpt":{"rendered":"<p>Con el objetivo de fortalecer las acciones de prevenci\u00f3n y proteger la salud de la poblaci\u00f3n, el Gobierno Municipal que preside Oscar Serra Cantoral, a trav\u00e9s de la Direcci\u00f3n de Salud P\u00fablica Municipal, sostuvo una reuni\u00f3n de trabajo con personal de salud de la Jurisdicci\u00f3n Sanitaria V Norte, con la finalidad de coordinar las actividades [&hellip;]<\/p>\n","protected":false},"author":1,"featured_media":139275,"comment_status":"closed","ping_status":"closed","sticky":false,"template":"","format":"standard","meta":{"footnotes":""},"categories":[1],"tags":[],"class_list":["post-139256","post","type-post","status-publish","format-standard","has-post-thumbnail","hentry","category-general"],"_links":{"self":[{"href":"https:\/\/elobservadorzonanorte.com.mx\/index.php?rest_route=\/wp\/v2\/posts\/139256","targetHints":{"allow":["GET"]}}],"collection":[{"href":"https:\/\/elobservadorzonanorte.com.mx\/index.php?rest_route=\/wp\/v2\/posts"}],"about":[{"href":"https:\/\/elobservadorzonanorte.com.mx\/index.php?rest_route=\/wp\/v2\/types\/post"}],"author":[{"embeddable":true,"href":"https:\/\/elobservadorzonanorte.com.mx\/index.php?rest_route=\/wp\/v2\/users\/1"}],"replies":[{"embeddable":true,"href":"https:\/\/elobservadorzonanorte.com.mx\/index.php?rest_route=%2Fwp%2Fv2%2Fcomments&post=139256"}],"version-history":[{"count":1,"href":"https:\/\/elobservadorzonanorte.com.mx\/index.php?rest_route=\/wp\/v2\/posts\/139256\/revisions"}],"predecessor-version":[{"id":139277,"href":"https:\/\/elobservadorzonanorte.com.mx\/index.php?rest_route=\/wp\/v2\/posts\/139256\/revisions\/139277"}],"wp:featuredmedia":[{"embeddable":true,"href":"https:\/\/elobservadorzonanorte.com.mx\/index.php?rest_route=\/wp\/v2\/media\/139275"}],"wp:attachment":[{"href":"https:\/\/elobservadorzonanorte.com.mx\/index.php?rest_route=%2Fwp%2Fv2%2Fmedia&parent=139256"}],"wp:term":[{"taxonomy":"category","embeddable":true,"href":"https:\/\/elobservadorzonanorte.com.mx\/index.php?rest_route=%2Fwp%2Fv2%2Fcategories&post=139256"},{"taxonomy":"post_tag","embeddable":true,"href":"https:\/\/elobservadorzonanorte.com.mx\/index.php?rest_route=%2Fwp%2Fv2%2Ftags&post=139256"}],"curies":[{"name":"wp","href":"https:\/\/api.w.org\/{rel}","templated":true}]}}