{"id":118130,"date":"2025-08-28T03:48:36","date_gmt":"2025-08-28T03:48:36","guid":{"rendered":"https:\/\/elobservadorzonanorte.com.mx\/?p=118130"},"modified":"2025-08-28T03:48:36","modified_gmt":"2025-08-28T03:48:36","slug":"eduardo-ramirez-entrega-escrituras-y-otorga-certeza-juridica-a-familias-chiapanecas","status":"publish","type":"post","link":"https:\/\/elobservadorzonanorte.com.mx\/?p=118130","title":{"rendered":"*Eduardo Ram\u00edrez entrega escrituras y otorga certeza jur\u00eddica a familias chiapanecas*"},"content":{"rendered":"\n<figure class=\"wp-block-image size-full\"><img decoding=\"async\" width=\"591\" height=\"395\" src=\"https:\/\/elobservadorzonanorte.com.mx\/wp-content\/uploads\/2025\/08\/541140734_3143054125863561_3601716154875257555_n.jpg\" alt=\"\" class=\"wp-image-118131\" srcset=\"https:\/\/elobservadorzonanorte.com.mx\/wp-content\/uploads\/2025\/08\/541140734_3143054125863561_3601716154875257555_n.jpg 591w, https:\/\/elobservadorzonanorte.com.mx\/wp-content\/uploads\/2025\/08\/541140734_3143054125863561_3601716154875257555_n-300x201.jpg 300w\" sizes=\"(max-width: 591px) 100vw, 591px\" \/><\/figure>\n\n\n\n<figure class=\"wp-block-image size-full\"><img decoding=\"async\" width=\"591\" height=\"395\" src=\"https:\/\/elobservadorzonanorte.com.mx\/wp-content\/uploads\/2025\/08\/541315654_3143054185863555_3437089462482534723_n.jpg\" alt=\"\" class=\"wp-image-118132\" srcset=\"https:\/\/elobservadorzonanorte.com.mx\/wp-content\/uploads\/2025\/08\/541315654_3143054185863555_3437089462482534723_n.jpg 591w, https:\/\/elobservadorzonanorte.com.mx\/wp-content\/uploads\/2025\/08\/541315654_3143054185863555_3437089462482534723_n-300x201.jpg 300w\" sizes=\"(max-width: 591px) 100vw, 591px\" \/><\/figure>\n\n\n\n<figure class=\"wp-block-image size-full\"><img decoding=\"async\" width=\"591\" height=\"395\" src=\"https:\/\/elobservadorzonanorte.com.mx\/wp-content\/uploads\/2025\/08\/540314780_3143054332530207_417255818163202890_n.jpg\" alt=\"\" class=\"wp-image-118133\" srcset=\"https:\/\/elobservadorzonanorte.com.mx\/wp-content\/uploads\/2025\/08\/540314780_3143054332530207_417255818163202890_n.jpg 591w, https:\/\/elobservadorzonanorte.com.mx\/wp-content\/uploads\/2025\/08\/540314780_3143054332530207_417255818163202890_n-300x201.jpg 300w\" sizes=\"(max-width: 591px) 100vw, 591px\" \/><\/figure>\n\n\n\n<figure class=\"wp-block-image size-full\"><img decoding=\"async\" width=\"591\" height=\"395\" src=\"https:\/\/elobservadorzonanorte.com.mx\/wp-content\/uploads\/2025\/08\/539440926_3143054292530211_1218609420609825701_n.jpg\" alt=\"\" class=\"wp-image-118134\" srcset=\"https:\/\/elobservadorzonanorte.com.mx\/wp-content\/uploads\/2025\/08\/539440926_3143054292530211_1218609420609825701_n.jpg 591w, https:\/\/elobservadorzonanorte.com.mx\/wp-content\/uploads\/2025\/08\/539440926_3143054292530211_1218609420609825701_n-300x201.jpg 300w\" sizes=\"(max-width: 591px) 100vw, 591px\" \/><\/figure>\n\n\n\n<figure class=\"wp-block-image size-full\"><img decoding=\"async\" width=\"591\" height=\"395\" src=\"https:\/\/elobservadorzonanorte.com.mx\/wp-content\/uploads\/2025\/08\/539210788_3143054265863547_8351942875088935253_n.jpg\" alt=\"\" class=\"wp-image-118135\" srcset=\"https:\/\/elobservadorzonanorte.com.mx\/wp-content\/uploads\/2025\/08\/539210788_3143054265863547_8351942875088935253_n.jpg 591w, https:\/\/elobservadorzonanorte.com.mx\/wp-content\/uploads\/2025\/08\/539210788_3143054265863547_8351942875088935253_n-300x201.jpg 300w\" sizes=\"(max-width: 591px) 100vw, 591px\" \/><\/figure>\n\n\n\n<p class=\"wp-block-paragraph\">Desde la capital del estado, el gobernador Eduardo Ram\u00edrez Aguilar encabez\u00f3 la entrega de escrituras p\u00fablicas a familias de distintos municipios, donde subray\u00f3 el compromiso de su gobierno para que m\u00e1s chiapanecas y chiapanecos vivan en paz y tengan certeza jur\u00eddica sobre su patrimonio.<\/p>\n\n\n\n<p class=\"wp-block-paragraph\">En este marco, el mandatario destac\u00f3 que cada acci\u00f3n de su administraci\u00f3n se realiza con amor a Chiapas, y que tambi\u00e9n se impulsa el fortalecimiento de los servicios p\u00fablicos para brindar bienestar y mejorar la calidad de vida de la poblaci\u00f3n.<\/p>\n\n\n\n<p class=\"wp-block-paragraph\">\u201cAmo profundamente a la gente y tengo un compromiso de cumplirle hasta el final de mi mandato. Gocen mucho su certeza jur\u00eddica, g\u00f3cenla porque lucharon por ella; ahora ya tienen un patrimonio legal que van a heredar a su familia\u201d, expres\u00f3, al tiempo de reconocer la labor de las y los notarios p\u00fablicos en este proceso.<\/p>\n\n\n\n<p class=\"wp-block-paragraph\">El director general de la Promotora de Vivienda Chiapas (Provich), Fernando Farro Jos\u00e9, explic\u00f3 que gracias al trabajo institucional realizado a trav\u00e9s del Programa de Regularizaci\u00f3n de la Tenencia de la Tierra y Escrituraci\u00f3n de Inmuebles en la Entidad, en esta ocasi\u00f3n se entregaron 105 escrituras a familias de Tuxtla Guti\u00e9rrez, Comit\u00e1n de Dom\u00ednguez, San Crist\u00f3bal de Las Casas y Cintalapa, lo que garantiza seguridad jur\u00eddica en sus propiedades. Refrend\u00f3 su compromiso de continuar trabajando en beneficio del pueblo.<\/p>\n\n\n\n<p class=\"wp-block-paragraph\">El presidente municipal de Tuxtla Guti\u00e9rrez, Angel Torres Culebro, reconoci\u00f3 que estas acciones fortalecen la paz y el desarrollo de Chiapas, al brindar seguridad y tranquilidad patrimonial a numerosas familias, reflejando la transformaci\u00f3n que impulsa esta administraci\u00f3n en todo el estado.<\/p>\n\n\n\n<p class=\"wp-block-paragraph\">En representaci\u00f3n de las familias beneficiadas, Martha del Roc\u00edo Cornejo Espinoza se\u00f1al\u00f3 que, gracias al compromiso social y humano de la Nueva ERA, este instrumento jur\u00eddico es una realidad tangible que por a\u00f1os esperaban. \u201cGracias, gobernador, por cumplir con este derecho constitucional y brindarnos paz y tranquilidad a nuestros hogares\u201d, expres\u00f3.<\/p>\n\n\n\n<p class=\"wp-block-paragraph\">Estuvieron presentes en el evento el director general de Catastro del Estado, Miguel \u00c1ngel Arg\u00fcello Aguilar, y la directora del Registro P\u00fablico de la Propiedad y del Comercio, Adriana Mercedes Ramos D\u00edaz, as\u00ed como familias beneficiadas, entre otros.<\/p>\n","protected":false},"excerpt":{"rendered":"<p>Desde la capital del estado, el gobernador Eduardo Ram\u00edrez Aguilar encabez\u00f3 la entrega de escrituras p\u00fablicas a familias de distintos municipios, donde subray\u00f3 el compromiso de su gobierno para que m\u00e1s chiapanecas y chiapanecos vivan en paz y tengan certeza jur\u00eddica sobre su patrimonio. En este marco, el mandatario destac\u00f3 que cada acci\u00f3n de su [&hellip;]<\/p>\n","protected":false},"author":1,"featured_media":118135,"comment_status":"closed","ping_status":"closed","sticky":false,"template":"","format":"chat","meta":{"footnotes":""},"categories":[1],"tags":[],"class_list":["post-118130","post","type-post","status-publish","format-chat","has-post-thumbnail","hentry","category-general","post_format-post-format-chat"],"_links":{"self":[{"href":"https:\/\/elobservadorzonanorte.com.mx\/index.php?rest_route=\/wp\/v2\/posts\/118130","targetHints":{"allow":["GET"]}}],"collection":[{"href":"https:\/\/elobservadorzonanorte.com.mx\/index.php?rest_route=\/wp\/v2\/posts"}],"about":[{"href":"https:\/\/elobservadorzonanorte.com.mx\/index.php?rest_route=\/wp\/v2\/types\/post"}],"author":[{"embeddable":true,"href":"https:\/\/elobservadorzonanorte.com.mx\/index.php?rest_route=\/wp\/v2\/users\/1"}],"replies":[{"embeddable":true,"href":"https:\/\/elobservadorzonanorte.com.mx\/index.php?rest_route=%2Fwp%2Fv2%2Fcomments&post=118130"}],"version-history":[{"count":0,"href":"https:\/\/elobservadorzonanorte.com.mx\/index.php?rest_route=\/wp\/v2\/posts\/118130\/revisions"}],"wp:featuredmedia":[{"embeddable":true,"href":"https:\/\/elobservadorzonanorte.com.mx\/index.php?rest_route=\/wp\/v2\/media\/118135"}],"wp:attachment":[{"href":"https:\/\/elobservadorzonanorte.com.mx\/index.php?rest_route=%2Fwp%2Fv2%2Fmedia&parent=118130"}],"wp:term":[{"taxonomy":"category","embeddable":true,"href":"https:\/\/elobservadorzonanorte.com.mx\/index.php?rest_route=%2Fwp%2Fv2%2Fcategories&post=118130"},{"taxonomy":"post_tag","embeddable":true,"href":"https:\/\/elobservadorzonanorte.com.mx\/index.php?rest_route=%2Fwp%2Fv2%2Ftags&post=118130"}],"curies":[{"name":"wp","href":"https:\/\/api.w.org\/{rel}","templated":true}]}}