{"id":118124,"date":"2025-08-28T03:47:42","date_gmt":"2025-08-28T03:47:42","guid":{"rendered":"https:\/\/elobservadorzonanorte.com.mx\/?p=118124"},"modified":"2025-08-28T03:47:43","modified_gmt":"2025-08-28T03:47:43","slug":"se-va-cero-y-van-dos-titulares-del-indeporte-destituidos-en-8-meses","status":"publish","type":"post","link":"https:\/\/elobservadorzonanorte.com.mx\/?p=118124","title":{"rendered":"SE VA CERO Y VAN DOS TITULARES DEL INDEPORTE DESTITUIDOS EN 8 MESES"},"content":{"rendered":"\n<figure class=\"wp-block-image size-full\"><img decoding=\"async\" width=\"526\" height=\"526\" src=\"https:\/\/elobservadorzonanorte.com.mx\/wp-content\/uploads\/2025\/08\/539703459_24503669609292404_8147856624184954349_n.jpg\" alt=\"\" class=\"wp-image-118125\" srcset=\"https:\/\/elobservadorzonanorte.com.mx\/wp-content\/uploads\/2025\/08\/539703459_24503669609292404_8147856624184954349_n.jpg 526w, https:\/\/elobservadorzonanorte.com.mx\/wp-content\/uploads\/2025\/08\/539703459_24503669609292404_8147856624184954349_n-300x300.jpg 300w, https:\/\/elobservadorzonanorte.com.mx\/wp-content\/uploads\/2025\/08\/539703459_24503669609292404_8147856624184954349_n-150x150.jpg 150w\" sizes=\"(max-width: 526px) 100vw, 526px\" \/><\/figure>\n\n\n\n<p class=\"wp-block-paragraph\">Tras la pol\u00e9mica generada por la reuni\u00f3n en la que se margin\u00f3 a una corredora profesional<\/p>\n\n\n\n<p class=\"wp-block-paragraph\">\u00fanicamente por portar un atuendo tradicional, trascendi\u00f3 la destituci\u00f3n de B\u00e1rbara Altuzar, quien encabezaba el Instituto del Deporte<\/p>\n\n\n\n<p class=\"wp-block-paragraph\">(INDEPORTE).<\/p>\n\n\n\n<p class=\"wp-block-paragraph\">El hecho hab\u00eda desatado indignaci\u00f3n en redes sociales y entre atletas, al considerarse un acto de discriminaci\u00f3n hacia las ra\u00edces culturales. La decisi\u00f3n busca enviar un mensaje claro de cero tolerancia a este tipo de pr\u00e1cticas.<\/p>\n\n\n\n<p class=\"wp-block-paragraph\">Tras este despido suena el nombre de Miguel Salas como el sustituto.<\/p>\n","protected":false},"excerpt":{"rendered":"<p>Tras la pol\u00e9mica generada por la reuni\u00f3n en la que se margin\u00f3 a una corredora profesional \u00fanicamente por portar un atuendo tradicional, trascendi\u00f3 la destituci\u00f3n de B\u00e1rbara Altuzar, quien encabezaba el Instituto del Deporte (INDEPORTE). El hecho hab\u00eda desatado indignaci\u00f3n en redes sociales y entre atletas, al considerarse un acto de discriminaci\u00f3n hacia las ra\u00edces [&hellip;]<\/p>\n","protected":false},"author":1,"featured_media":118125,"comment_status":"closed","ping_status":"closed","sticky":false,"template":"","format":"chat","meta":{"footnotes":""},"categories":[1],"tags":[],"class_list":["post-118124","post","type-post","status-publish","format-chat","has-post-thumbnail","hentry","category-general","post_format-post-format-chat"],"_links":{"self":[{"href":"https:\/\/elobservadorzonanorte.com.mx\/index.php?rest_route=\/wp\/v2\/posts\/118124","targetHints":{"allow":["GET"]}}],"collection":[{"href":"https:\/\/elobservadorzonanorte.com.mx\/index.php?rest_route=\/wp\/v2\/posts"}],"about":[{"href":"https:\/\/elobservadorzonanorte.com.mx\/index.php?rest_route=\/wp\/v2\/types\/post"}],"author":[{"embeddable":true,"href":"https:\/\/elobservadorzonanorte.com.mx\/index.php?rest_route=\/wp\/v2\/users\/1"}],"replies":[{"embeddable":true,"href":"https:\/\/elobservadorzonanorte.com.mx\/index.php?rest_route=%2Fwp%2Fv2%2Fcomments&post=118124"}],"version-history":[{"count":0,"href":"https:\/\/elobservadorzonanorte.com.mx\/index.php?rest_route=\/wp\/v2\/posts\/118124\/revisions"}],"wp:featuredmedia":[{"embeddable":true,"href":"https:\/\/elobservadorzonanorte.com.mx\/index.php?rest_route=\/wp\/v2\/media\/118125"}],"wp:attachment":[{"href":"https:\/\/elobservadorzonanorte.com.mx\/index.php?rest_route=%2Fwp%2Fv2%2Fmedia&parent=118124"}],"wp:term":[{"taxonomy":"category","embeddable":true,"href":"https:\/\/elobservadorzonanorte.com.mx\/index.php?rest_route=%2Fwp%2Fv2%2Fcategories&post=118124"},{"taxonomy":"post_tag","embeddable":true,"href":"https:\/\/elobservadorzonanorte.com.mx\/index.php?rest_route=%2Fwp%2Fv2%2Ftags&post=118124"}],"curies":[{"name":"wp","href":"https:\/\/api.w.org\/{rel}","templated":true}]}}