{"id":118121,"date":"2025-08-28T03:47:23","date_gmt":"2025-08-28T03:47:23","guid":{"rendered":"https:\/\/elobservadorzonanorte.com.mx\/?p=118121"},"modified":"2025-08-28T03:47:24","modified_gmt":"2025-08-28T03:47:24","slug":"continuan-investigaciones-por-homicidio-en-pichucalco-fiscal-general","status":"publish","type":"post","link":"https:\/\/elobservadorzonanorte.com.mx\/?p=118121","title":{"rendered":"Contin\u00faan investigaciones por homicidio en Pichucalco: Fiscal General"},"content":{"rendered":"<p><iframe loading=\"lazy\" src=\"https:\/\/www.facebook.com\/plugins\/video.php?height=314&#038;href=https%3A%2F%2Fwww.facebook.com%2Freel%2F789219093622684%2F&#038;show_text=false&#038;width=560&#038;t=0\" width=\"560\" height=\"314\" style=\"border:none;overflow:hidden\" scrolling=\"no\" frameborder=\"0\" allowfullscreen=\"true\" allow=\"autoplay; clipboard-write; encrypted-media; picture-in-picture; web-share\" allowFullScreen=\"true\"><\/iframe><\/p>\n\n\n\n<p class=\"wp-block-paragraph\">&#8211; <a><\/a>Se acredit\u00f3 que el agresor fue una sola persona, proveniente de Tabasco<\/p>\n\n\n\n<p class=\"wp-block-paragraph\">El Fiscal General del Estado, Jorge Luis Llaven Abarca, inform\u00f3 que ayer martes se inici\u00f3 la carpeta de investigaci\u00f3n por el delito de homicidio calificado en agravio de Rafael \u201cN\u201d, por hechos ocurridos en el municipio de Pichucalco.<\/p>\n\n\n\n<p class=\"wp-block-paragraph\">Dijo que las diligencias de investigaci\u00f3n contin\u00faan y se ha logrado acreditar que el agresor fue una sola persona, proveniente del estado de Tabasco, y que las acciones operativas cuentan con m\u00e1s de 250 elementos para tareas de investigaci\u00f3n e inteligencia.<\/p>\n\n\n\n<p class=\"wp-block-paragraph\">Puntualiz\u00f3 que se trabaja en conjunto con la Fiscal\u00eda General del Estado de Tabasco y garantiz\u00f3 que no habr\u00e1 impunidad en este lamentable suceso.<\/p>\n\n\n\n<p class=\"wp-block-paragraph\">\u201cVamos a continuar con la investigaci\u00f3n hasta dar con los responsables\u201d, resalt\u00f3 el Fiscal General.<\/p>\n\n\n\n<p class=\"wp-block-paragraph\"><a href=\"https:\/\/www.facebook.com\/hashtag\/fgechiapas?__eep__=6&amp;__cft__[0]=AZX1l1T2wMrvoRYfhk_B1yDds0LxODKV3Uh6Leaahic2Xe-KhiPYsQflhvy5nGCTzeq63lZaN8Xq9zG5prkEtOJuBctNM_jCdc_s15ulwuvISmclFJjGpQrFNQAgiGRng5SXClIvFrzzKw1Dd3IpZw0CufBU0LOnd0NnCYhbe3x6m39E-ym7Vla_EdRGt-6cjDzbpfWxH4y7oJnwFHo6RMrM&amp;__tn__=*NK-R\" target=\"_blank\" rel=\"noopener\">#FGEChiapas<\/a><a href=\"https:\/\/www.facebook.com\/hashtag\/089denunciaan%C3%B3nima?__eep__=6&amp;__cft__[0]=AZX1l1T2wMrvoRYfhk_B1yDds0LxODKV3Uh6Leaahic2Xe-KhiPYsQflhvy5nGCTzeq63lZaN8Xq9zG5prkEtOJuBctNM_jCdc_s15ulwuvISmclFJjGpQrFNQAgiGRng5SXClIvFrzzKw1Dd3IpZw0CufBU0LOnd0NnCYhbe3x6m39E-ym7Vla_EdRGt-6cjDzbpfWxH4y7oJnwFHo6RMrM&amp;__tn__=*NK-R\" target=\"_blank\" rel=\"noopener\">#089DenunciaAn\u00f3nima<\/a><a href=\"https:\/\/www.facebook.com\/hashtag\/911emergencias?__eep__=6&amp;__cft__[0]=AZX1l1T2wMrvoRYfhk_B1yDds0LxODKV3Uh6Leaahic2Xe-KhiPYsQflhvy5nGCTzeq63lZaN8Xq9zG5prkEtOJuBctNM_jCdc_s15ulwuvISmclFJjGpQrFNQAgiGRng5SXClIvFrzzKw1Dd3IpZw0CufBU0LOnd0NnCYhbe3x6m39E-ym7Vla_EdRGt-6cjDzbpfWxH4y7oJnwFHo6RMrM&amp;__tn__=*NK-R\" target=\"_blank\" rel=\"noopener\">#911Emergencias<\/a><\/p>\n\n\n\n<p class=\"wp-block-paragraph\"><a href=\"https:\/\/www.facebook.com\/hashtag\/justiciaconhumanismo?__eep__=6&amp;__cft__[0]=AZX1l1T2wMrvoRYfhk_B1yDds0LxODKV3Uh6Leaahic2Xe-KhiPYsQflhvy5nGCTzeq63lZaN8Xq9zG5prkEtOJuBctNM_jCdc_s15ulwuvISmclFJjGpQrFNQAgiGRng5SXClIvFrzzKw1Dd3IpZw0CufBU0LOnd0NnCYhbe3x6m39E-ym7Vla_EdRGt-6cjDzbpfWxH4y7oJnwFHo6RMrM&amp;__tn__=*NK-R\" target=\"_blank\" rel=\"noopener\">#JusticiaConHumanismo<\/a><a href=\"https:\/\/www.facebook.com\/hashtag\/ceroimpunidad?__eep__=6&amp;__cft__[0]=AZX1l1T2wMrvoRYfhk_B1yDds0LxODKV3Uh6Leaahic2Xe-KhiPYsQflhvy5nGCTzeq63lZaN8Xq9zG5prkEtOJuBctNM_jCdc_s15ulwuvISmclFJjGpQrFNQAgiGRng5SXClIvFrzzKw1Dd3IpZw0CufBU0LOnd0NnCYhbe3x6m39E-ym7Vla_EdRGt-6cjDzbpfWxH4y7oJnwFHo6RMrM&amp;__tn__=*NK-R\" target=\"_blank\" rel=\"noopener\">#CeroImpunidad<\/a><\/p>\n\n\n\n<figure class=\"wp-block-video\"><\/figure>\n\n\n\n<p class=\"wp-block-paragraph\">Informar al pueblo de Chiapas<br>que el d\u00eda de ayer se inici\u00f3 la<\/p>\n\n\n\n<figure class=\"wp-block-image size-large\"><img decoding=\"async\" width=\"600\" height=\"338\" src=\"https:\/\/elobservadorzonanorte.com.mx\/wp-content\/uploads\/2025\/08\/image-89-600x338.jpeg\" alt=\"\" class=\"wp-image-118122\" srcset=\"https:\/\/elobservadorzonanorte.com.mx\/wp-content\/uploads\/2025\/08\/image-89-600x338.jpeg 600w, https:\/\/elobservadorzonanorte.com.mx\/wp-content\/uploads\/2025\/08\/image-89-300x169.jpeg 300w, https:\/\/elobservadorzonanorte.com.mx\/wp-content\/uploads\/2025\/08\/image-89.jpeg 640w\" sizes=\"(max-width: 600px) 100vw, 600px\" \/><\/figure>\n\n\n\n<p class=\"wp-block-paragraph\"><\/p>\n","protected":false},"excerpt":{"rendered":"<p>&#8211; Se acredit\u00f3 que el agresor fue una sola persona, proveniente de Tabasco El Fiscal General del Estado, Jorge Luis Llaven Abarca, inform\u00f3 que ayer martes se inici\u00f3 la carpeta de investigaci\u00f3n por el delito de homicidio calificado en agravio de Rafael \u201cN\u201d, por hechos ocurridos en el municipio de Pichucalco. Dijo que las diligencias [&hellip;]<\/p>\n","protected":false},"author":1,"featured_media":118122,"comment_status":"closed","ping_status":"closed","sticky":false,"template":"","format":"chat","meta":{"footnotes":""},"categories":[1],"tags":[],"class_list":["post-118121","post","type-post","status-publish","format-chat","has-post-thumbnail","hentry","category-general","post_format-post-format-chat"],"_links":{"self":[{"href":"https:\/\/elobservadorzonanorte.com.mx\/index.php?rest_route=\/wp\/v2\/posts\/118121","targetHints":{"allow":["GET"]}}],"collection":[{"href":"https:\/\/elobservadorzonanorte.com.mx\/index.php?rest_route=\/wp\/v2\/posts"}],"about":[{"href":"https:\/\/elobservadorzonanorte.com.mx\/index.php?rest_route=\/wp\/v2\/types\/post"}],"author":[{"embeddable":true,"href":"https:\/\/elobservadorzonanorte.com.mx\/index.php?rest_route=\/wp\/v2\/users\/1"}],"replies":[{"embeddable":true,"href":"https:\/\/elobservadorzonanorte.com.mx\/index.php?rest_route=%2Fwp%2Fv2%2Fcomments&post=118121"}],"version-history":[{"count":0,"href":"https:\/\/elobservadorzonanorte.com.mx\/index.php?rest_route=\/wp\/v2\/posts\/118121\/revisions"}],"wp:featuredmedia":[{"embeddable":true,"href":"https:\/\/elobservadorzonanorte.com.mx\/index.php?rest_route=\/wp\/v2\/media\/118122"}],"wp:attachment":[{"href":"https:\/\/elobservadorzonanorte.com.mx\/index.php?rest_route=%2Fwp%2Fv2%2Fmedia&parent=118121"}],"wp:term":[{"taxonomy":"category","embeddable":true,"href":"https:\/\/elobservadorzonanorte.com.mx\/index.php?rest_route=%2Fwp%2Fv2%2Fcategories&post=118121"},{"taxonomy":"post_tag","embeddable":true,"href":"https:\/\/elobservadorzonanorte.com.mx\/index.php?rest_route=%2Fwp%2Fv2%2Ftags&post=118121"}],"curies":[{"name":"wp","href":"https:\/\/api.w.org\/{rel}","templated":true}]}}